{"id":1650,"date":"2024-01-02T09:09:46","date_gmt":"2024-01-02T12:09:46","guid":{"rendered":"https:\/\/noticiasregionais.com.br\/?p=1650"},"modified":"2024-01-02T09:09:48","modified_gmt":"2024-01-02T12:09:48","slug":"prf-encerra-operacao-ano-novo-sem-mortes-na-br-153","status":"publish","type":"post","link":"https:\/\/noticiasregionais.com.br\/?p=1650","title":{"rendered":"PRF encerra Opera\u00e7\u00e3o Ano Novo sem mortes na BR 153"},"content":{"rendered":"\n<p class=\"has-text-align-center\"><strong>Ultrapassagem proibida liderou o ranking das imprud\u00eancias.<\/strong><\/p>\n\n\n\n<p>Entre \u00faltima sexta feira (29) e esta segunda-feira (1), a PRF realizou a Opera\u00e7\u00e3o Ano Novo em todas as rodovias federais do pa\u00eds. O trecho paulista da BR 153, que corta das regi\u00f5es de S\u00e3o Jos\u00e9 do Rio Preto e Mar\u00edlia, tamb\u00e9m recebeu refor\u00e7o no policiamento.<br>Nos quatro dias de opera\u00e7\u00e3o, foram fiscalizados 218 ve\u00edculos nos 347 quil\u00f4metros da BR 153 no estado de S\u00e3o Paulo (102 em Rio Preto e 116 em Mar\u00edlia)<br>As imprud\u00eancias que mais causam acidentes foram o alvo desta opera\u00e7\u00e3o. Os policiais constataram e autuaram 77 ultrapassagens proibidas (15 em Rio Preto e 62 em Mar\u00edlia).<br>A falta do cinto de seguran\u00e7a \u00e9 respons\u00e1vel pelo agravamento das les\u00f5es em acidentes de tr\u00e2nsito. Nesta virada de ano, 15 motoristas foram flagrados dirigindo sem o cinto (12 em Rio Preto e 3 em Mar\u00edlia).<br>Os esfor\u00e7os da PRF reduziram a acidentalidade em rela\u00e7\u00e3o ao feriado do Natal. Em Rio Preto foi registrado 1 acidente, com 1 pessoa ferida. Em Mar\u00edlia tamb\u00e9m foi registrado apenas 1 acidente, com 3 pessoas feridas.<\/p>\n<input type=\"hidden\" id=\"baseurl\" value=\"https:\/\/noticiasregionais.com.br\"><input type=\"hidden\" id=\"audio_nonce\" value=\"533fbb67b1\">","protected":false},"excerpt":{"rendered":"<p>Ultrapassagem proibida liderou o ranking das imprud\u00eancias. Entre \u00faltima sexta feira (29) e esta segunda-feira (1), a PRF realizou a&hellip;<\/p>\n","protected":false},"author":1,"featured_media":1651,"comment_status":"closed","ping_status":"open","sticky":false,"template":"","format":"standard","meta":{"sfsi_plus_gutenberg_text_before_share":"","sfsi_plus_gutenberg_show_text_before_share":"","sfsi_plus_gutenberg_icon_type":"","sfsi_plus_gutenberg_icon_alignemt":"","sfsi_plus_gutenburg_max_per_row":"","footnotes":""},"categories":[6,12,1],"tags":[],"class_list":["post-1650","post","type-post","status-publish","format-standard","has-post-thumbnail","hentry","category-sao_paulo","category-capa","category-noticias"],"_links":{"self":[{"href":"https:\/\/noticiasregionais.com.br\/index.php?rest_route=\/wp\/v2\/posts\/1650","targetHints":{"allow":["GET"]}}],"collection":[{"href":"https:\/\/noticiasregionais.com.br\/index.php?rest_route=\/wp\/v2\/posts"}],"about":[{"href":"https:\/\/noticiasregionais.com.br\/index.php?rest_route=\/wp\/v2\/types\/post"}],"author":[{"embeddable":true,"href":"https:\/\/noticiasregionais.com.br\/index.php?rest_route=\/wp\/v2\/users\/1"}],"replies":[{"embeddable":true,"href":"https:\/\/noticiasregionais.com.br\/index.php?rest_route=%2Fwp%2Fv2%2Fcomments&post=1650"}],"version-history":[{"count":1,"href":"https:\/\/noticiasregionais.com.br\/index.php?rest_route=\/wp\/v2\/posts\/1650\/revisions"}],"predecessor-version":[{"id":1652,"href":"https:\/\/noticiasregionais.com.br\/index.php?rest_route=\/wp\/v2\/posts\/1650\/revisions\/1652"}],"wp:featuredmedia":[{"embeddable":true,"href":"https:\/\/noticiasregionais.com.br\/index.php?rest_route=\/wp\/v2\/media\/1651"}],"wp:attachment":[{"href":"https:\/\/noticiasregionais.com.br\/index.php?rest_route=%2Fwp%2Fv2%2Fmedia&parent=1650"}],"wp:term":[{"taxonomy":"category","embeddable":true,"href":"https:\/\/noticiasregionais.com.br\/index.php?rest_route=%2Fwp%2Fv2%2Fcategories&post=1650"},{"taxonomy":"post_tag","embeddable":true,"href":"https:\/\/noticiasregionais.com.br\/index.php?rest_route=%2Fwp%2Fv2%2Ftags&post=1650"}],"curies":[{"name":"wp","href":"https:\/\/api.w.org\/{rel}","templated":true}]}}