{"id":1653,"date":"2024-01-02T19:52:59","date_gmt":"2024-01-02T22:52:59","guid":{"rendered":"https:\/\/noticiasregionais.com.br\/?p=1653"},"modified":"2024-01-02T19:53:02","modified_gmt":"2024-01-02T22:53:02","slug":"transicao-energetica-em-sp-e-impulsionada-por-fundo-de-aval-que-expande-financiamento","status":"publish","type":"post","link":"https:\/\/noticiasregionais.com.br\/?p=1653","title":{"rendered":"Transi\u00e7\u00e3o energ\u00e9tica em SP \u00e9 impulsionada por Fundo de Aval que expande financiamento"},"content":{"rendered":"\n<p class=\"has-text-align-center\"><strong>Decreto regulamenta medida para ampliar acesso de pequenas e m\u00e9dias empresas a financiamento para projetos de efici\u00eancia energ\u00e9tica<\/strong><\/p>\n\n\n\n<p>O Governo de S\u00e3o Paulo publicou no Di\u00e1rio Oficial o decreto que regulamenta o Fundo de Aval para Desenvolvimento da Efici\u00eancia Energ\u00e9tica no Estado de S\u00e3o Paulo (FAEE) e constitui o Conselho Estadual de Orienta\u00e7\u00e3o de Efici\u00eancia Energ\u00e9tica. O Fundo de Aval \u00e9 vinculado \u00e0 Secretaria de Meio Ambiente, Infraestrutura e Log\u00edstica (Semil) e \u00e9 um importante instrumento na acelera\u00e7\u00e3o do Estado rumo \u00e0 neutralidade de carbono.<\/p>\n\n\n\n<p>O FAEE visa reduzir os requisitos de garantias para as pequenas e m\u00e9dias empresas financiarem projetos de efici\u00eancia energ\u00e9tica, al\u00e9m de abrir caminho para moderniza\u00e7\u00e3o dos processos e redu\u00e7\u00e3o de custos das benefici\u00e1rias de forma sustent\u00e1vel, reduzindo emiss\u00f5es de poluentes e de gases causadores de efeito estufa.<\/p>\n\n\n\n<p>\u201cCom a regulamenta\u00e7\u00e3o desse fundo, demos mais um importante passo para impulsionar a descarboniza\u00e7\u00e3o em S\u00e3o Paulo, reduzindo custos operacionais de pequenas e m\u00e9dias empresas e promovendo a gera\u00e7\u00e3o de emprego e renda\u201d, avalia a secret\u00e1ria de Meio Ambiente, Infraestrutura e Log\u00edstica, Nat\u00e1lia Resende. \u201cEsse \u00e9 um mecanismo extremamente importante para destravar investimentos em efici\u00eancia energ\u00e9tica\u201d, acrescenta.<\/p>\n\n\n\n<p>Inicialmente, o FAEE contar\u00e1 com um aporte de 8 milh\u00f5es de euros, captados junto \u00e0 Ag\u00eancia Alem\u00e3 de Coopera\u00e7\u00e3o Internacional, Deutsche Gesellschaft f\u00fcr Internationale Zusammenarbeit (GIZ) visando \u00e0 cobertura de financiamentos para efici\u00eancia energ\u00e9tica no \u00e2mbito do Programa Investimentos Transformadores de efici\u00eancia Energ\u00e9tica na Ind\u00fastria (PotencializEE). Trata-se de uma a\u00e7\u00e3o com potencial de alavancar cerca de R$ 420 milh\u00f5es em carteira da Desenvolve SP, vinculada \u00e0 Secretaria de Desenvolvimento Econ\u00f4mico (SDE), respons\u00e1vel pela gest\u00e3o do fundo, para financiamento de 425 projetos.<\/p>\n\n\n\n<p>\u201cEmbora nossa matriz energ\u00e9tica seja uma das mais limpas do Brasil, \u00e9 fundamental movermos as alavancas que estimulem as empresas na elabora\u00e7\u00e3o de seus projetos de efici\u00eancia energ\u00e9tica, em uma pol\u00edtica dividida com o mercado. S\u00e3o Paulo tem todas as condi\u00e7\u00f5es de liderar esse movimento, o que resultar\u00e1 em um desenvolvimento econ\u00f4mico eficiente, equilibrado e mais sustent\u00e1vel\u201d, afirma Jorge Lima, secret\u00e1rio de Desenvolvimento Econ\u00f4mico.<\/p>\n\n\n\n<p>O PotencializEE tamb\u00e9m conta com a parceria do Servi\u00e7o Nacional de Aprendizagem Industrial (Senai), por meio de a\u00e7\u00f5es de conscientiza\u00e7\u00e3o, capacita\u00e7\u00e3o e certifica\u00e7\u00e3o de consultores, realiza\u00e7\u00e3o de diagn\u00f3sticos energ\u00e9ticos subsidiados e apoio a implanta\u00e7\u00e3o de projetos de efici\u00eancia energ\u00e9tica.<\/p>\n\n\n\n<p>O programa atua na elimina\u00e7\u00e3o do desperd\u00edcio, com proje\u00e7\u00e3o de viabilizar uma economia de mais de 7 TWh no consumo de energia, at\u00e9 2025. Com isso, o PotencializEE projeta mitigar a emiss\u00e3o de 1,1 milh\u00e3o de toneladas de CO\u2082 equivalentes (MtCO\u2082e), com financiamentos para sistemas de ilumina\u00e7\u00e3o, refrigera\u00e7\u00e3o, aquecimento e cogera\u00e7\u00e3o, al\u00e9m da avalia\u00e7\u00e3o de usabilidade de equipamentos e tecnologias como motores, bombas, ventiladores, ar-condicionado, combustores, aquecedores e outros.<\/p>\n\n\n\n<p>Os pr\u00f3ximos passos ser\u00e3o a celebra\u00e7\u00e3o do contrato de gest\u00e3o do FAEE entre a Semil e a Desenvolve SP e a aprova\u00e7\u00e3o das normas e procedimentos do fundo pelo Conselho Estadual de Orienta\u00e7\u00e3o de Efici\u00eancia Energ\u00e9tica.<\/p>\n<input type=\"hidden\" id=\"baseurl\" value=\"https:\/\/noticiasregionais.com.br\"><input type=\"hidden\" id=\"audio_nonce\" value=\"533fbb67b1\">","protected":false},"excerpt":{"rendered":"<p>Decreto regulamenta medida para ampliar acesso de pequenas e m\u00e9dias empresas a financiamento para projetos de efici\u00eancia energ\u00e9tica O Governo&hellip;<\/p>\n","protected":false},"author":1,"featured_media":1654,"comment_status":"closed","ping_status":"open","sticky":false,"template":"","format":"standard","meta":{"sfsi_plus_gutenberg_text_before_share":"","sfsi_plus_gutenberg_show_text_before_share":"","sfsi_plus_gutenberg_icon_type":"","sfsi_plus_gutenberg_icon_alignemt":"","sfsi_plus_gutenburg_max_per_row":"","footnotes":""},"categories":[6,10,1],"tags":[],"class_list":["post-1653","post","type-post","status-publish","format-standard","has-post-thumbnail","hentry","category-sao_paulo","category-destaques","category-noticias"],"_links":{"self":[{"href":"https:\/\/noticiasregionais.com.br\/index.php?rest_route=\/wp\/v2\/posts\/1653","targetHints":{"allow":["GET"]}}],"collection":[{"href":"https:\/\/noticiasregionais.com.br\/index.php?rest_route=\/wp\/v2\/posts"}],"about":[{"href":"https:\/\/noticiasregionais.com.br\/index.php?rest_route=\/wp\/v2\/types\/post"}],"author":[{"embeddable":true,"href":"https:\/\/noticiasregionais.com.br\/index.php?rest_route=\/wp\/v2\/users\/1"}],"replies":[{"embeddable":true,"href":"https:\/\/noticiasregionais.com.br\/index.php?rest_route=%2Fwp%2Fv2%2Fcomments&post=1653"}],"version-history":[{"count":1,"href":"https:\/\/noticiasregionais.com.br\/index.php?rest_route=\/wp\/v2\/posts\/1653\/revisions"}],"predecessor-version":[{"id":1655,"href":"https:\/\/noticiasregionais.com.br\/index.php?rest_route=\/wp\/v2\/posts\/1653\/revisions\/1655"}],"wp:featuredmedia":[{"embeddable":true,"href":"https:\/\/noticiasregionais.com.br\/index.php?rest_route=\/wp\/v2\/media\/1654"}],"wp:attachment":[{"href":"https:\/\/noticiasregionais.com.br\/index.php?rest_route=%2Fwp%2Fv2%2Fmedia&parent=1653"}],"wp:term":[{"taxonomy":"category","embeddable":true,"href":"https:\/\/noticiasregionais.com.br\/index.php?rest_route=%2Fwp%2Fv2%2Fcategories&post=1653"},{"taxonomy":"post_tag","embeddable":true,"href":"https:\/\/noticiasregionais.com.br\/index.php?rest_route=%2Fwp%2Fv2%2Ftags&post=1653"}],"curies":[{"name":"wp","href":"https:\/\/api.w.org\/{rel}","templated":true}]}}