{"id":1656,"date":"2024-01-02T20:36:42","date_gmt":"2024-01-02T23:36:42","guid":{"rendered":"https:\/\/noticiasregionais.com.br\/?p=1656"},"modified":"2024-01-02T20:36:54","modified_gmt":"2024-01-02T23:36:54","slug":"sem-reducao-de-repasse-ourinhos-recebeu-em-2023-r-655-milhoes-do-fpm-um-aumento-de-37-em-relacao-ao-recebido-em-2022","status":"publish","type":"post","link":"https:\/\/noticiasregionais.com.br\/?p=1656","title":{"rendered":"Sem redu\u00e7\u00e3o de repasse, Ourinhos recebeu em 2023 R$ 65,5 milh\u00f5es do FPM, um aumento de 3,7% em rela\u00e7\u00e3o ao recebido em 2022."},"content":{"rendered":"\n<p>Mesmo com tantas cidades alegando dificuldades por queda nos repasses vindos do Governo Federal, Ourinhos est\u00e1 em situa\u00e7\u00e3o privilegiada. No site do Tesouro Nacional, os dados de repasses nos anos de 2023 e 2022 mostram um aumento de 3,7% nos valores recebidos.<\/p>\n\n\n\n<p>Outro valor significativo s\u00e3o os R$ 15,6 milh\u00f5es em emendas indiv\u00edduais e de bancada recebidos pelo munic\u00edpio. Esse valor garantiu em grande parte o recape e outras manuten\u00e7\u00f5es realizadas na cidade pela atual gest\u00e3o, que publicou o Decreto n\u00ba 7.754, no Di\u00e1rio Oficial do Munic\u00edpio em 18 de julho de 2023.<\/p>\n\n\n<div class=\"wp-block-image\">\n<figure class=\"aligncenter size-large\"><img decoding=\"async\" width=\"1024\" height=\"186\" src=\"https:\/\/noticiasregionais.com.br\/wp-content\/uploads\/2024\/01\/WhatsApp-Image-2024-01-02-at-09.28.24-1024x186.jpeg\" alt=\"\" class=\"wp-image-1658\" srcset=\"https:\/\/noticiasregionais.com.br\/wp-content\/uploads\/2024\/01\/WhatsApp-Image-2024-01-02-at-09.28.24-1024x186.jpeg 1024w, https:\/\/noticiasregionais.com.br\/wp-content\/uploads\/2024\/01\/WhatsApp-Image-2024-01-02-at-09.28.24-300x55.jpeg 300w, https:\/\/noticiasregionais.com.br\/wp-content\/uploads\/2024\/01\/WhatsApp-Image-2024-01-02-at-09.28.24-768x140.jpeg 768w, https:\/\/noticiasregionais.com.br\/wp-content\/uploads\/2024\/01\/WhatsApp-Image-2024-01-02-at-09.28.24.jpeg 1100w\" sizes=\"(max-width: 1024px) 100vw, 1024px\" \/><\/figure>\n<\/div>\n\n\n<p>O decreto previa a suspens\u00e3o de despesas de custeio de todas as secretarias de 40 a 50%. Tamb\u00e9m foi suspensa a interrup\u00e7\u00e3o no pagamento de horas extras e o pagamento de f\u00e9rias e licen\u00e7as-pr\u00eamio, al\u00e9m de gratifica\u00e7\u00f5es e demais benef\u00edcios. A remunera\u00e7\u00e3o por substitui\u00e7\u00e3o de chefias tamb\u00e9m foi suspensa, assim como a admiss\u00e3o de novos estagi\u00e1rios e guardas mirins.<\/p>\n\n\n\n<p>Foi proibido o pagamento de f\u00e9rias e licen\u00e7as-pr\u00eamio, al\u00e9m de gratifica\u00e7\u00f5es e demais benef\u00edcios. Tamb\u00e9m foi suspensa a remunera\u00e7\u00e3o por substitui\u00e7\u00e3o de chefias, assim como a admiss\u00e3o de novos estagi\u00e1rios e guardas mirins.<\/p>\n\n\n\n<p>Foram proibidas as compras de m\u00f3veis, im\u00f3veis, ve\u00edculos e materiais permanentes, assim como suspensos cursos de capacita\u00e7\u00f5es, semin\u00e1rios e palestras. A promo\u00e7\u00e3o de eventos como feiras, festivais e competi\u00e7\u00f5es esportivas tamb\u00e9m foi suspensa.<\/p>\n\n\n\n<p>A alega\u00e7\u00e3o do atual gestor era o cen\u00e1rio fiscal agravado pela redu\u00e7\u00e3o da arrecada\u00e7\u00e3o e constante queda prevista para os meses de Julho e Agosto de 2023, nas transfer\u00eancias constitucionais do Fundo de Participa\u00e7\u00e3o dos Munic\u00edpios (FPM) conforme Previs\u00e3o de Repasses publicada pelo Tesouro Nacional. No entanto, a previs\u00e3o n\u00e3o se confirmou, tendo ainda um aumento expressivo.<\/p>\n\n\n<div class=\"wp-block-image\">\n<figure class=\"aligncenter size-full\"><img decoding=\"async\" width=\"1002\" height=\"777\" src=\"https:\/\/noticiasregionais.com.br\/wp-content\/uploads\/2024\/01\/WhatsApp-Image-2024-01-02-at-09.03.11-1.jpeg\" alt=\"\" class=\"wp-image-1659\" srcset=\"https:\/\/noticiasregionais.com.br\/wp-content\/uploads\/2024\/01\/WhatsApp-Image-2024-01-02-at-09.03.11-1.jpeg 1002w, https:\/\/noticiasregionais.com.br\/wp-content\/uploads\/2024\/01\/WhatsApp-Image-2024-01-02-at-09.03.11-1-300x233.jpeg 300w, https:\/\/noticiasregionais.com.br\/wp-content\/uploads\/2024\/01\/WhatsApp-Image-2024-01-02-at-09.03.11-1-768x596.jpeg 768w\" sizes=\"(max-width: 1002px) 100vw, 1002px\" \/><\/figure>\n<\/div>\n\n\n<p>Analistas pol\u00edticos afirmam que o contingenciamento foi uma medida desnecess\u00e1ria, pois o munic\u00edpio n\u00e3o teve redu\u00e7\u00e3o de repasses. Eles acreditam que o prefeito lan\u00e7ou m\u00e3o dessa a\u00e7\u00e3o para n\u00e3o ser obrigado a reduzir o valor gasto com pagamento de cargos comissionados e ocupantes de fun\u00e7\u00f5es gratificadas, o que poderia gerar um enorme mau estar entre o grupo que dever\u00e1 atuar em favor de um poss\u00edvel sucessor nas elei\u00e7\u00f5es de 2024.<\/p>\n<input type=\"hidden\" id=\"baseurl\" value=\"https:\/\/noticiasregionais.com.br\"><input type=\"hidden\" id=\"audio_nonce\" value=\"533fbb67b1\">","protected":false},"excerpt":{"rendered":"<p>Mesmo com tantas cidades alegando dificuldades por queda nos repasses vindos do Governo Federal, Ourinhos est\u00e1 em situa\u00e7\u00e3o privilegiada. No&hellip;<\/p>\n","protected":false},"author":1,"featured_media":1514,"comment_status":"closed","ping_status":"open","sticky":false,"template":"","format":"standard","meta":{"sfsi_plus_gutenberg_text_before_share":"","sfsi_plus_gutenberg_show_text_before_share":"","sfsi_plus_gutenberg_icon_type":"","sfsi_plus_gutenberg_icon_alignemt":"","sfsi_plus_gutenburg_max_per_row":"","footnotes":""},"categories":[5,12,1],"tags":[],"class_list":["post-1656","post","type-post","status-publish","format-standard","has-post-thumbnail","hentry","category-ourinhos","category-capa","category-noticias"],"_links":{"self":[{"href":"https:\/\/noticiasregionais.com.br\/index.php?rest_route=\/wp\/v2\/posts\/1656","targetHints":{"allow":["GET"]}}],"collection":[{"href":"https:\/\/noticiasregionais.com.br\/index.php?rest_route=\/wp\/v2\/posts"}],"about":[{"href":"https:\/\/noticiasregionais.com.br\/index.php?rest_route=\/wp\/v2\/types\/post"}],"author":[{"embeddable":true,"href":"https:\/\/noticiasregionais.com.br\/index.php?rest_route=\/wp\/v2\/users\/1"}],"replies":[{"embeddable":true,"href":"https:\/\/noticiasregionais.com.br\/index.php?rest_route=%2Fwp%2Fv2%2Fcomments&post=1656"}],"version-history":[{"count":1,"href":"https:\/\/noticiasregionais.com.br\/index.php?rest_route=\/wp\/v2\/posts\/1656\/revisions"}],"predecessor-version":[{"id":1660,"href":"https:\/\/noticiasregionais.com.br\/index.php?rest_route=\/wp\/v2\/posts\/1656\/revisions\/1660"}],"wp:featuredmedia":[{"embeddable":true,"href":"https:\/\/noticiasregionais.com.br\/index.php?rest_route=\/wp\/v2\/media\/1514"}],"wp:attachment":[{"href":"https:\/\/noticiasregionais.com.br\/index.php?rest_route=%2Fwp%2Fv2%2Fmedia&parent=1656"}],"wp:term":[{"taxonomy":"category","embeddable":true,"href":"https:\/\/noticiasregionais.com.br\/index.php?rest_route=%2Fwp%2Fv2%2Fcategories&post=1656"},{"taxonomy":"post_tag","embeddable":true,"href":"https:\/\/noticiasregionais.com.br\/index.php?rest_route=%2Fwp%2Fv2%2Ftags&post=1656"}],"curies":[{"name":"wp","href":"https:\/\/api.w.org\/{rel}","templated":true}]}}