{"id":166,"date":"2023-09-02T20:51:11","date_gmt":"2023-09-02T23:51:11","guid":{"rendered":"https:\/\/noticiasregionais.com.br\/?p=166"},"modified":"2023-09-02T20:51:11","modified_gmt":"2023-09-02T23:51:11","slug":"caminhoneiro-e-preso-com-rebites-apos-fiscalizacao-da-prf-em-marilia","status":"publish","type":"post","link":"https:\/\/noticiasregionais.com.br\/?p=166","title":{"rendered":"Caminhoneiro \u00e9 preso com rebites ap\u00f3s fiscaliza\u00e7\u00e3o da PRF em Mar\u00edlia"},"content":{"rendered":"\n<p>Uma equipe da Pol\u00edcia Rodovi\u00e1ria Federal prendeu um motorista de caminh\u00e3o no final da tarde desta sexta-feira (1\/9) ap\u00f3s encontrar em sua cabine um pote com 16 comprimidos de Nob\u00e9sio Extra-Forte, droga il\u00edcita da fam\u00edlia das anfetaminas, a qual \u00e9 usada para afastar o sono e manter o condutor acordado por mais tempo. Al\u00e9m da posse ilegal da droga, o efeito rebote aumenta em muito a chance de acidentes na rodovia.<\/p>\n\n\n\n<p>O flagrante aconteceu \u00e0s 17 horas, quando um homem de 31 anos foi abordado no km 259 da rodovia Transbrasiliana (BR-153), em Mar\u00edlia. Durante a fiscaliza\u00e7\u00e3o do tac\u00f3grafo, equipamento obrigat\u00f3rio para verificar a velocidade e tempo de viagem, o policial descobriu que o disco onde s\u00e3o registrados os dados estava vencido, impossibilitando verificar h\u00e1 quanto tempo ele dirigia sem descanso. A preocupa\u00e7\u00e3o aumentou quando se descobriu que ele vinha de Jussara, localizada a noroeste de Goi\u00e1s e distante cerca de 930 quil\u00f4metros. Havia a suspeita que os intervalos de descanso obrigat\u00f3rios estavam sendo desobedecidos e, com isso, havia risco aumentado no tr\u00e2nsito.<\/p>\n\n\n\n<p>Ao verificarem o interior da cabine do caminh\u00e3o, os policiais descobriram uma cartela com 7 comprimidos de rebites Nob\u00e9sio extra-forte e mais outros 9 escondidos em um pote de chicletes, totalizando 16. O motorista confirmou que fazia uso regular da droga para dirigir por mais tempo, mas que n\u00e3o havia ingerido naquela viagem.<\/p>\n\n\n\n<p>Devido a posse da anfetamina, foi registrado contra o homem um Termo Circunstanciado de Ocorr\u00eancia (TCO) pelo crime previsto no artigo 28 da Lei Antidrogas, al\u00e9m da multa de tr\u00e2nsito pelo tac\u00f3grafo ineficiente. O homem foi liberado para responder em liberdade ap\u00f3s o compromisso de comparecer em ju\u00edzo quando intimado.<\/p>\n<input type=\"hidden\" id=\"baseurl\" value=\"https:\/\/noticiasregionais.com.br\"><input type=\"hidden\" id=\"audio_nonce\" value=\"533fbb67b1\">","protected":false},"excerpt":{"rendered":"<p>Uma equipe da Pol\u00edcia Rodovi\u00e1ria Federal prendeu um motorista de caminh\u00e3o no final da tarde desta sexta-feira (1\/9) ap\u00f3s encontrar&hellip;<\/p>\n","protected":false},"author":1,"featured_media":167,"comment_status":"closed","ping_status":"open","sticky":false,"template":"","format":"standard","meta":{"sfsi_plus_gutenberg_text_before_share":"","sfsi_plus_gutenberg_show_text_before_share":"","sfsi_plus_gutenberg_icon_type":"","sfsi_plus_gutenberg_icon_alignemt":"","sfsi_plus_gutenburg_max_per_row":"","footnotes":""},"categories":[10,1,6],"tags":[],"class_list":["post-166","post","type-post","status-publish","format-standard","has-post-thumbnail","hentry","category-destaques","category-noticias","category-sao_paulo"],"_links":{"self":[{"href":"https:\/\/noticiasregionais.com.br\/index.php?rest_route=\/wp\/v2\/posts\/166","targetHints":{"allow":["GET"]}}],"collection":[{"href":"https:\/\/noticiasregionais.com.br\/index.php?rest_route=\/wp\/v2\/posts"}],"about":[{"href":"https:\/\/noticiasregionais.com.br\/index.php?rest_route=\/wp\/v2\/types\/post"}],"author":[{"embeddable":true,"href":"https:\/\/noticiasregionais.com.br\/index.php?rest_route=\/wp\/v2\/users\/1"}],"replies":[{"embeddable":true,"href":"https:\/\/noticiasregionais.com.br\/index.php?rest_route=%2Fwp%2Fv2%2Fcomments&post=166"}],"version-history":[{"count":1,"href":"https:\/\/noticiasregionais.com.br\/index.php?rest_route=\/wp\/v2\/posts\/166\/revisions"}],"predecessor-version":[{"id":168,"href":"https:\/\/noticiasregionais.com.br\/index.php?rest_route=\/wp\/v2\/posts\/166\/revisions\/168"}],"wp:featuredmedia":[{"embeddable":true,"href":"https:\/\/noticiasregionais.com.br\/index.php?rest_route=\/wp\/v2\/media\/167"}],"wp:attachment":[{"href":"https:\/\/noticiasregionais.com.br\/index.php?rest_route=%2Fwp%2Fv2%2Fmedia&parent=166"}],"wp:term":[{"taxonomy":"category","embeddable":true,"href":"https:\/\/noticiasregionais.com.br\/index.php?rest_route=%2Fwp%2Fv2%2Fcategories&post=166"},{"taxonomy":"post_tag","embeddable":true,"href":"https:\/\/noticiasregionais.com.br\/index.php?rest_route=%2Fwp%2Fv2%2Ftags&post=166"}],"curies":[{"name":"wp","href":"https:\/\/api.w.org\/{rel}","templated":true}]}}