{"id":1664,"date":"2024-01-02T21:18:11","date_gmt":"2024-01-03T00:18:11","guid":{"rendered":"https:\/\/noticiasregionais.com.br\/?p=1664"},"modified":"2024-01-02T21:19:06","modified_gmt":"2024-01-03T00:19:06","slug":"fab-retoma-buscas-por-helicoptero-desaparecido-no-litoral-paulista","status":"publish","type":"post","link":"https:\/\/noticiasregionais.com.br\/?p=1664","title":{"rendered":"FAB retoma buscas por helic\u00f3ptero desaparecido no litoral paulista"},"content":{"rendered":"\n<p class=\"has-text-align-center\"><strong>O aparelho saiu do Campo de Marte, por volta de 13h15, com destino a Ilhabela, com um piloto e tr\u00eas passageiros<\/strong><\/p>\n\n\n\n<p>As buscas pelo helic\u00f3ptero que desapareceu no litoral norte de S\u00e3o Paulo no \u00faltimo domingo (31) foram retomadas no in\u00edcio da manh\u00e3 de hoje (2) pela For\u00e7a A\u00e9rea Brasileira (FAB). O aparelho saiu do Campo de Marte, por volta de 13h15, com destino a Ilhabela, com um piloto e tr\u00eas passageiros.<\/p>\n\n\n\n<p>Segundo a FAB, as buscas s\u00e3o coordenadas pelo Centro de Coordena\u00e7\u00e3o de Salvamento Aeron\u00e1utico (Salvaero) e ocorreram durante todo o dia de ontem logo ap\u00f3s a notifica\u00e7\u00e3o sobre o desaparecimento. A Pol\u00edcia Militar (PM) tamb\u00e9m participa das buscas desde \u00e0s 22h30 do domingo, quando foi acionada pela FAB.<\/p>\n\n\n\n<p><strong>\u00daltimo contato<\/strong><br>Al\u00e9m do piloto, estavam no helic\u00f3ptero Luciana Rodzewics, de 45 anos; a filha dela, Let\u00edcia Ayumi Rodzewics Sakumoto, de 20 anos; e Rafael Torres, um amigo da fam\u00edlia que fez o convite para o passeio.<\/p>\n\n\n\n<p>O \u00faltimo contato com a torre de controle foi \u00e0s 15h10 de domingo, quando sobrevoava Caraguatatuba, no litoral norte paulista.<\/p>\n\n\n\n<p><strong><sub>fonte: Sampi \/ Folhapress<\/sub><\/strong><\/p>\n<input type=\"hidden\" id=\"baseurl\" value=\"https:\/\/noticiasregionais.com.br\"><input type=\"hidden\" id=\"audio_nonce\" value=\"533fbb67b1\">","protected":false},"excerpt":{"rendered":"<p>O aparelho saiu do Campo de Marte, por volta de 13h15, com destino a Ilhabela, com um piloto e tr\u00eas&hellip;<\/p>\n","protected":false},"author":1,"featured_media":1666,"comment_status":"closed","ping_status":"open","sticky":false,"template":"","format":"standard","meta":{"sfsi_plus_gutenberg_text_before_share":"","sfsi_plus_gutenberg_show_text_before_share":"","sfsi_plus_gutenberg_icon_type":"","sfsi_plus_gutenberg_icon_alignemt":"","sfsi_plus_gutenburg_max_per_row":"","footnotes":""},"categories":[6,10,1],"tags":[],"class_list":["post-1664","post","type-post","status-publish","format-standard","has-post-thumbnail","hentry","category-sao_paulo","category-destaques","category-noticias"],"_links":{"self":[{"href":"https:\/\/noticiasregionais.com.br\/index.php?rest_route=\/wp\/v2\/posts\/1664","targetHints":{"allow":["GET"]}}],"collection":[{"href":"https:\/\/noticiasregionais.com.br\/index.php?rest_route=\/wp\/v2\/posts"}],"about":[{"href":"https:\/\/noticiasregionais.com.br\/index.php?rest_route=\/wp\/v2\/types\/post"}],"author":[{"embeddable":true,"href":"https:\/\/noticiasregionais.com.br\/index.php?rest_route=\/wp\/v2\/users\/1"}],"replies":[{"embeddable":true,"href":"https:\/\/noticiasregionais.com.br\/index.php?rest_route=%2Fwp%2Fv2%2Fcomments&post=1664"}],"version-history":[{"count":2,"href":"https:\/\/noticiasregionais.com.br\/index.php?rest_route=\/wp\/v2\/posts\/1664\/revisions"}],"predecessor-version":[{"id":1668,"href":"https:\/\/noticiasregionais.com.br\/index.php?rest_route=\/wp\/v2\/posts\/1664\/revisions\/1668"}],"wp:featuredmedia":[{"embeddable":true,"href":"https:\/\/noticiasregionais.com.br\/index.php?rest_route=\/wp\/v2\/media\/1666"}],"wp:attachment":[{"href":"https:\/\/noticiasregionais.com.br\/index.php?rest_route=%2Fwp%2Fv2%2Fmedia&parent=1664"}],"wp:term":[{"taxonomy":"category","embeddable":true,"href":"https:\/\/noticiasregionais.com.br\/index.php?rest_route=%2Fwp%2Fv2%2Fcategories&post=1664"},{"taxonomy":"post_tag","embeddable":true,"href":"https:\/\/noticiasregionais.com.br\/index.php?rest_route=%2Fwp%2Fv2%2Ftags&post=1664"}],"curies":[{"name":"wp","href":"https:\/\/api.w.org\/{rel}","templated":true}]}}