{"id":1672,"date":"2024-01-03T08:58:46","date_gmt":"2024-01-03T11:58:46","guid":{"rendered":"https:\/\/noticiasregionais.com.br\/?p=1672"},"modified":"2024-01-03T08:58:57","modified_gmt":"2024-01-03T11:58:57","slug":"policiamento-rodoviario-prende-individuo-por-descaminho-em-santa-cruz-do-rio-pardo-sp","status":"publish","type":"post","link":"https:\/\/noticiasregionais.com.br\/?p=1672","title":{"rendered":"Policiamento Rodovi\u00e1rio prende indiv\u00edduo por descaminho em Santa Cruz do Rio Pardo\/SP"},"content":{"rendered":"\n<p>Na madrugada desta sexta-feira, 3 de janeiro de 2024, policiais militares do 2\u00b0 Batalh\u00e3o de Pol\u00edcia Rodovi\u00e1ria realizaram uma pris\u00e3o em flagrante por descaminho no km 14,500 da Rodovia Orlando Quagliato (SP-327), situada na regi\u00e3o de Santa Cruz do Rio Pardo\/SP.<\/p>\n\n\n\n<p>Os agentes estavam em meio \u00e0 Opera\u00e7\u00e3o Impacto, rotineira no policiamento rodovi\u00e1rio, quando perceberam comportamento suspeito por parte do condutor de um ve\u00edculo GM\/Vectra. Diante da suspeita, os policiais prontamente procederam com a abordagem.<\/p>\n\n\n\n<p>Durante a vistoria no ve\u00edculo, uma descoberta surpreendente foi feita: 56 caixas contendo garrafas de vinho da marca Alma Negra, totalizando 336 unidades. O descaminho, caracterizado pelo transporte de mercadorias sem o devido pagamento de tributos, resultou na pris\u00e3o em flagrante do condutor.<\/p>\n\n\n\n<p>A ocorr\u00eancia foi encaminhada \u00e0 Central de Pol\u00edcia Judici\u00e1ria (CPJ) de Ourinhos\/SP, onde o material apreendido e o ve\u00edculo foram entregues \u00e0s autoridades competentes. O condutor foi ouvido pelas autoridades e, ap\u00f3s os procedimentos legais, foi liberado.<\/p>\n\n\n\n<p>O descaminho \u00e9 uma pr\u00e1tica ilegal que envolve a entrada ou sa\u00edda de mercadorias no pa\u00eds sem o pagamento dos tributos devidos, prejudicando n\u00e3o apenas o sistema tribut\u00e1rio, mas tamb\u00e9m a economia como um todo. A apreens\u00e3o realizada pelos policiais rodovi\u00e1rios destaca a import\u00e2ncia do trabalho ostensivo e preventivo para combater esse tipo de crime.<\/p>\n\n\n\n<p><\/p>\n<input type=\"hidden\" id=\"baseurl\" value=\"https:\/\/noticiasregionais.com.br\"><input type=\"hidden\" id=\"audio_nonce\" value=\"533fbb67b1\">","protected":false},"excerpt":{"rendered":"<p>Na madrugada desta sexta-feira, 3 de janeiro de 2024, policiais militares do 2\u00b0 Batalh\u00e3o de Pol\u00edcia Rodovi\u00e1ria realizaram uma pris\u00e3o&hellip;<\/p>\n","protected":false},"author":1,"featured_media":1673,"comment_status":"closed","ping_status":"open","sticky":false,"template":"","format":"standard","meta":{"sfsi_plus_gutenberg_text_before_share":"","sfsi_plus_gutenberg_show_text_before_share":"","sfsi_plus_gutenberg_icon_type":"","sfsi_plus_gutenberg_icon_alignemt":"","sfsi_plus_gutenburg_max_per_row":"","footnotes":""},"categories":[6,10,1],"tags":[],"class_list":["post-1672","post","type-post","status-publish","format-standard","has-post-thumbnail","hentry","category-sao_paulo","category-destaques","category-noticias"],"_links":{"self":[{"href":"https:\/\/noticiasregionais.com.br\/index.php?rest_route=\/wp\/v2\/posts\/1672","targetHints":{"allow":["GET"]}}],"collection":[{"href":"https:\/\/noticiasregionais.com.br\/index.php?rest_route=\/wp\/v2\/posts"}],"about":[{"href":"https:\/\/noticiasregionais.com.br\/index.php?rest_route=\/wp\/v2\/types\/post"}],"author":[{"embeddable":true,"href":"https:\/\/noticiasregionais.com.br\/index.php?rest_route=\/wp\/v2\/users\/1"}],"replies":[{"embeddable":true,"href":"https:\/\/noticiasregionais.com.br\/index.php?rest_route=%2Fwp%2Fv2%2Fcomments&post=1672"}],"version-history":[{"count":1,"href":"https:\/\/noticiasregionais.com.br\/index.php?rest_route=\/wp\/v2\/posts\/1672\/revisions"}],"predecessor-version":[{"id":1674,"href":"https:\/\/noticiasregionais.com.br\/index.php?rest_route=\/wp\/v2\/posts\/1672\/revisions\/1674"}],"wp:featuredmedia":[{"embeddable":true,"href":"https:\/\/noticiasregionais.com.br\/index.php?rest_route=\/wp\/v2\/media\/1673"}],"wp:attachment":[{"href":"https:\/\/noticiasregionais.com.br\/index.php?rest_route=%2Fwp%2Fv2%2Fmedia&parent=1672"}],"wp:term":[{"taxonomy":"category","embeddable":true,"href":"https:\/\/noticiasregionais.com.br\/index.php?rest_route=%2Fwp%2Fv2%2Fcategories&post=1672"},{"taxonomy":"post_tag","embeddable":true,"href":"https:\/\/noticiasregionais.com.br\/index.php?rest_route=%2Fwp%2Fv2%2Ftags&post=1672"}],"curies":[{"name":"wp","href":"https:\/\/api.w.org\/{rel}","templated":true}]}}