{"id":1675,"date":"2024-01-03T09:10:43","date_gmt":"2024-01-03T12:10:43","guid":{"rendered":"https:\/\/noticiasregionais.com.br\/?p=1675"},"modified":"2024-01-03T09:10:54","modified_gmt":"2024-01-03T12:10:54","slug":"pura-farra-lula-sanciona-ldo-com-recorde-de-r-49-bilhoes-de-fundo-para-eleicao-municipal","status":"publish","type":"post","link":"https:\/\/noticiasregionais.com.br\/?p=1675","title":{"rendered":"Pura farra: Lula sanciona LDO com recorde de R$ 4,9 bilh\u00f5es de fundo para elei\u00e7\u00e3o municipal"},"content":{"rendered":"\n<p class=\"has-text-align-center\"><strong>Esse valor \u00e9 um recorde para as elei\u00e7\u00f5es municipais. Em valores corrigidos, o dobro do \u00faltimo pleito para prefeitos e vereadores, em 2020.<\/strong><\/p>\n\n\n\n<p>O presidente Lula (PT) sancionou a Lei de Diretrizes Or\u00e7ament\u00e1rias nesta ter\u00e7a-feira (2) com uma previs\u00e3o de R$ 4,9 bilh\u00f5es para o fund\u00e3o eleitoral. A verba ser\u00e1 destinada aos partidos para as elei\u00e7\u00f5es municipais deste ano.<\/p>\n\n\n\n<p>Esse valor \u00e9 um recorde para as elei\u00e7\u00f5es municipais. Em valores corrigidos, o dobro do \u00faltimo pleito para prefeitos e vereadores, em 2020.<\/p>\n\n\n\n<p>O presidente havia colocado no projeto do Or\u00e7amento de 2024 uma previs\u00e3o de R$ 900 milh\u00f5es para financiar as campanhas eleitorais. Essa proposta partiu do Minist\u00e9rio da Fazenda, comandado por Fernando Haddad (PT), que \u00e9 contra um valor muito elevado para o fundo.<\/p>\n\n\n\n<p>A reserva do montante para as elei\u00e7\u00f5es de 2024 tamb\u00e9m est\u00e1 prevista na Lei Or\u00e7ament\u00e1ria Anual, aprovada no fim de 2023. Como mostrou a Folha, a c\u00fapula da C\u00e2mara articulou para que o relat\u00f3rio do Or\u00e7amento previsse o valor de R$ 4,9 bilh\u00f5es, mesmo patamar do fundo das elei\u00e7\u00f5es nacionais de 2022.<\/p>\n\n\n\n<p>At\u00e9 2015, as grandes empresas, como bancos e empreiteiras, eram as principais respons\u00e1veis pelo financiamento dos candidatos. Naquele ano, o STF (Supremo Tribunal Federal) proibiu a doa\u00e7\u00e3o empresarial sob o argumento de que o poder econ\u00f4mico desequilibrava o jogo democr\u00e1tico.<\/p>\n\n\n\n<p>A partir das elei\u00e7\u00f5es de 2018, foi ent\u00e3o criado o fundo eleitoral, que usa dinheiro p\u00fablico para bancar as atividades de campanha dos candidatos.<\/p>\n\n\n\n<p>O valor destinado \u00e0s campanhas dividiu o Congresso e tornou-se alvo de diverg\u00eancia entre C\u00e2mara e Senado.<\/p>\n\n\n\n<p>O presidente do Senado, Rodrigo Pacheco (PSD-MG), defendia o fund\u00e3o de R$ 2,6 bilh\u00f5es, mas n\u00e3o conseguiu apoio suficiente para a proposta. Ele criticou a amplia\u00e7\u00e3o deste gasto.<\/p>\n\n\n\n<p>&#8220;O valor de R$ 5 bilh\u00f5es \u00e9 o in\u00edcio do fim do financiamento p\u00fablico. Ano que vem, n\u00f3s estaremos a discutir o retorno do financiamento de pessoas jur\u00eddicas em campanhas eleitorais. Eu n\u00e3o tenho d\u00favidas disso&#8221;, disse Pacheco.<\/p>\n\n\n\n<p>O montante aprovado expande o poder dos dirigentes partid\u00e1rios, que d\u00e3o a palavra final sobre a destina\u00e7\u00e3o desta verba.<\/p>\n\n\n\n<p><sub><strong>fonte: Sampi \/ Folhapress<\/strong><\/sub><\/p>\n<input type=\"hidden\" id=\"baseurl\" value=\"https:\/\/noticiasregionais.com.br\"><input type=\"hidden\" id=\"audio_nonce\" value=\"533fbb67b1\">","protected":false},"excerpt":{"rendered":"<p>Esse valor \u00e9 um recorde para as elei\u00e7\u00f5es municipais. Em valores corrigidos, o dobro do \u00faltimo pleito para prefeitos e&hellip;<\/p>\n","protected":false},"author":1,"featured_media":596,"comment_status":"closed","ping_status":"open","sticky":false,"template":"","format":"standard","meta":{"sfsi_plus_gutenberg_text_before_share":"","sfsi_plus_gutenberg_show_text_before_share":"","sfsi_plus_gutenberg_icon_type":"","sfsi_plus_gutenberg_icon_alignemt":"","sfsi_plus_gutenburg_max_per_row":"","footnotes":""},"categories":[8,10,1],"tags":[],"class_list":["post-1675","post","type-post","status-publish","format-standard","has-post-thumbnail","hentry","category-brasil","category-destaques","category-noticias"],"_links":{"self":[{"href":"https:\/\/noticiasregionais.com.br\/index.php?rest_route=\/wp\/v2\/posts\/1675","targetHints":{"allow":["GET"]}}],"collection":[{"href":"https:\/\/noticiasregionais.com.br\/index.php?rest_route=\/wp\/v2\/posts"}],"about":[{"href":"https:\/\/noticiasregionais.com.br\/index.php?rest_route=\/wp\/v2\/types\/post"}],"author":[{"embeddable":true,"href":"https:\/\/noticiasregionais.com.br\/index.php?rest_route=\/wp\/v2\/users\/1"}],"replies":[{"embeddable":true,"href":"https:\/\/noticiasregionais.com.br\/index.php?rest_route=%2Fwp%2Fv2%2Fcomments&post=1675"}],"version-history":[{"count":1,"href":"https:\/\/noticiasregionais.com.br\/index.php?rest_route=\/wp\/v2\/posts\/1675\/revisions"}],"predecessor-version":[{"id":1676,"href":"https:\/\/noticiasregionais.com.br\/index.php?rest_route=\/wp\/v2\/posts\/1675\/revisions\/1676"}],"wp:featuredmedia":[{"embeddable":true,"href":"https:\/\/noticiasregionais.com.br\/index.php?rest_route=\/wp\/v2\/media\/596"}],"wp:attachment":[{"href":"https:\/\/noticiasregionais.com.br\/index.php?rest_route=%2Fwp%2Fv2%2Fmedia&parent=1675"}],"wp:term":[{"taxonomy":"category","embeddable":true,"href":"https:\/\/noticiasregionais.com.br\/index.php?rest_route=%2Fwp%2Fv2%2Fcategories&post=1675"},{"taxonomy":"post_tag","embeddable":true,"href":"https:\/\/noticiasregionais.com.br\/index.php?rest_route=%2Fwp%2Fv2%2Ftags&post=1675"}],"curies":[{"name":"wp","href":"https:\/\/api.w.org\/{rel}","templated":true}]}}