{"id":1677,"date":"2024-01-03T19:20:07","date_gmt":"2024-01-03T22:20:07","guid":{"rendered":"https:\/\/noticiasregionais.com.br\/?p=1677"},"modified":"2024-01-03T19:25:35","modified_gmt":"2024-01-03T22:25:35","slug":"elemento-furta-carro-foge-e-sofre-acidente-em-salto-grande-video-mostra-momento-da-prisao","status":"publish","type":"post","link":"https:\/\/noticiasregionais.com.br\/?p=1677","title":{"rendered":"Elemento furta carro, foge e sofre acidente em Salto Grande. V\u00eddeo mostra momento da pris\u00e3o."},"content":{"rendered":"\n<p>Na tarde dessa quarta feira, dia 03\/01\/24, um indiv\u00edduo furtou um ve\u00edculo Gol na Rua Huet Bacelar, defronte a um estabelecimento comercial, na cidade de Salto Grande. O elemento empreendeu fuga sentido Ourinhos, mas nas proximidades da TSG Ind\u00fastria Mac\u00e2nica chocou-se contra um poste, causando muitos danos ao autom\u00f3vel.<\/p>\n\n\n\n<p>O policiamento chegou ao local antes mesmo que o elemento pudesse sair do ve\u00edculo e realizou a pris\u00e3o do mesmo pelos crimes de furto e dano ao patrim\u00f4nio.<\/p>\n\n\n\n<p>O v\u00eddeo mostra uma grande quantidade de moradores que testemunharam o ocorrido e acompanharam tamb\u00e9m a pris\u00e3o do elemento. A propriet\u00e1ria esteve no local e demonstrou indigna\u00e7\u00e3o pela destrui\u00e7\u00e3o do seu bem.<\/p>\n\n\n\n<p>O homem foi encaminhado para a delegacia de pol\u00edcia, onde ficar\u00e1 detido para os procedimentos cab\u00edveis.<\/p>\n\n\n\n<figure class=\"wp-block-embed is-type-video is-provider-youtube wp-block-embed-youtube wp-embed-aspect-16-9 wp-has-aspect-ratio\"><div class=\"wp-block-embed__wrapper\">\n<iframe loading=\"lazy\" title=\"Pris\u00e3o em Salto Grande ap\u00f3s acidente em 03 de Janeiro de 2024\" width=\"640\" height=\"360\" src=\"https:\/\/www.youtube.com\/embed\/FEktUfaTrbw?feature=oembed\" frameborder=\"0\" allow=\"accelerometer; autoplay; clipboard-write; encrypted-media; gyroscope; picture-in-picture; web-share\" referrerpolicy=\"strict-origin-when-cross-origin\" allowfullscreen><\/iframe>\n<\/div><\/figure>\n<input type=\"hidden\" id=\"baseurl\" value=\"https:\/\/noticiasregionais.com.br\"><input type=\"hidden\" id=\"audio_nonce\" value=\"533fbb67b1\">","protected":false},"excerpt":{"rendered":"<p>Na tarde dessa quarta feira, dia 03\/01\/24, um indiv\u00edduo furtou um ve\u00edculo Gol na Rua Huet Bacelar, defronte a um&hellip;<\/p>\n","protected":false},"author":1,"featured_media":1679,"comment_status":"closed","ping_status":"open","sticky":false,"template":"","format":"standard","meta":{"sfsi_plus_gutenberg_text_before_share":"","sfsi_plus_gutenberg_show_text_before_share":"","sfsi_plus_gutenberg_icon_type":"","sfsi_plus_gutenberg_icon_alignemt":"","sfsi_plus_gutenburg_max_per_row":"","footnotes":""},"categories":[6,12,1],"tags":[],"class_list":["post-1677","post","type-post","status-publish","format-standard","has-post-thumbnail","hentry","category-sao_paulo","category-capa","category-noticias"],"_links":{"self":[{"href":"https:\/\/noticiasregionais.com.br\/index.php?rest_route=\/wp\/v2\/posts\/1677","targetHints":{"allow":["GET"]}}],"collection":[{"href":"https:\/\/noticiasregionais.com.br\/index.php?rest_route=\/wp\/v2\/posts"}],"about":[{"href":"https:\/\/noticiasregionais.com.br\/index.php?rest_route=\/wp\/v2\/types\/post"}],"author":[{"embeddable":true,"href":"https:\/\/noticiasregionais.com.br\/index.php?rest_route=\/wp\/v2\/users\/1"}],"replies":[{"embeddable":true,"href":"https:\/\/noticiasregionais.com.br\/index.php?rest_route=%2Fwp%2Fv2%2Fcomments&post=1677"}],"version-history":[{"count":1,"href":"https:\/\/noticiasregionais.com.br\/index.php?rest_route=\/wp\/v2\/posts\/1677\/revisions"}],"predecessor-version":[{"id":1678,"href":"https:\/\/noticiasregionais.com.br\/index.php?rest_route=\/wp\/v2\/posts\/1677\/revisions\/1678"}],"wp:featuredmedia":[{"embeddable":true,"href":"https:\/\/noticiasregionais.com.br\/index.php?rest_route=\/wp\/v2\/media\/1679"}],"wp:attachment":[{"href":"https:\/\/noticiasregionais.com.br\/index.php?rest_route=%2Fwp%2Fv2%2Fmedia&parent=1677"}],"wp:term":[{"taxonomy":"category","embeddable":true,"href":"https:\/\/noticiasregionais.com.br\/index.php?rest_route=%2Fwp%2Fv2%2Fcategories&post=1677"},{"taxonomy":"post_tag","embeddable":true,"href":"https:\/\/noticiasregionais.com.br\/index.php?rest_route=%2Fwp%2Fv2%2Ftags&post=1677"}],"curies":[{"name":"wp","href":"https:\/\/api.w.org\/{rel}","templated":true}]}}