{"id":1680,"date":"2024-01-04T06:47:02","date_gmt":"2024-01-04T09:47:02","guid":{"rendered":"https:\/\/noticiasregionais.com.br\/?p=1680"},"modified":"2024-01-04T06:47:05","modified_gmt":"2024-01-04T09:47:05","slug":"fatecs-de-sp-divulgam-locais-de-exame-para-quem-faz-o-vestibular-no-domingo-7","status":"publish","type":"post","link":"https:\/\/noticiasregionais.com.br\/?p=1680","title":{"rendered":"Fatecs de SP divulgam locais de exame para quem faz o Vestibular no domingo (7)"},"content":{"rendered":"\n<p class=\"has-text-align-center\"><strong>Informa\u00e7\u00f5es sobre o processo seletivo j\u00e1 est\u00e3o dispon\u00edveis no site; a prova d\u00e1 acesso \u00e0s vagas para o primeiro semestre de 2024<\/strong><\/p>\n\n\n\n<p>Os candidatos que se inscreveram no processo seletivo das Faculdades de Tecnologia do Estado de S\u00e3o Paulo (<a href=\"https:\/\/www.cps.sp.gov.br\/fatec\/\" target=\"_blank\" rel=\"noreferrer noopener\">Fatecs<\/a>) podem conferir os locais da prova no site&nbsp;<a href=\"http:\/\/www.vestibularfatec.com.br\/\" target=\"_blank\" rel=\"noreferrer noopener\">www.vestibularfatec.com.br<\/a>&nbsp;desde as 15h desta quarta-feira (3).<\/p>\n\n\n\n<p>O exame que d\u00e1 acesso \u00e0s vagas para o primeiro semestre de 2024 ser\u00e1 realizado no pr\u00f3ximo domingo (7). Os port\u00f5es das escolas ser\u00e3o abertos \u00e0s 12h15 e fechados \u00e0s 13h, impreterivelmente. Comum a todos os cursos, a prova ter\u00e1 uma reda\u00e7\u00e3o e 54 quest\u00f5es de m\u00faltipla escolha, cada uma com cinco alternativas.<\/p>\n\n\n\n<p>A fim de evitar imprevistos, o candidato deve estar atento \u00e0s seguintes orienta\u00e7\u00f5es:<\/p>\n\n\n\n<ul class=\"wp-block-list\">\n<li>Conferir o local de prova, o n\u00famero de inscri\u00e7\u00e3o no processo seletivo e chegar com uma hora de anteced\u00eancia onde far\u00e1 o exame;<\/li>\n\n\n\n<li>Levar um documento de identidade com foto, caneta preta ou azul, l\u00e1pis, borracha e r\u00e9gua;<\/li>\n\n\n\n<li>Ler as instru\u00e7\u00f5es e as quest\u00f5es com aten\u00e7\u00e3o;<\/li>\n\n\n\n<li>No cart\u00e3o de respostas, marcar as alternativas com cuidado e n\u00e3o rasgar, dobrar ou amassar;<\/li>\n\n\n\n<li>Permanecer na sala at\u00e9, no m\u00ednimo, as 15h30. Ap\u00f3s esse hor\u00e1rio \u00e9 permitido levar o caderno de quest\u00f5es.<\/li>\n<\/ul>\n\n\n\n<p>Na&nbsp;<a href=\"http:\/\/www.vestibularfatec.com.br\/\" target=\"_blank\" rel=\"noreferrer noopener\">internet<\/a>&nbsp;\u00e9 poss\u00edvel consultar a Portaria e o Manual do Candidato, que detalham as normas do exame.<\/p>\n<input type=\"hidden\" id=\"baseurl\" value=\"https:\/\/noticiasregionais.com.br\"><input type=\"hidden\" id=\"audio_nonce\" value=\"533fbb67b1\">","protected":false},"excerpt":{"rendered":"<p>Informa\u00e7\u00f5es sobre o processo seletivo j\u00e1 est\u00e3o dispon\u00edveis no site; a prova d\u00e1 acesso \u00e0s vagas para o primeiro semestre&hellip;<\/p>\n","protected":false},"author":1,"featured_media":908,"comment_status":"closed","ping_status":"open","sticky":false,"template":"","format":"standard","meta":{"sfsi_plus_gutenberg_text_before_share":"","sfsi_plus_gutenberg_show_text_before_share":"","sfsi_plus_gutenberg_icon_type":"","sfsi_plus_gutenberg_icon_alignemt":"","sfsi_plus_gutenburg_max_per_row":"","footnotes":""},"categories":[6,10,1],"tags":[],"class_list":["post-1680","post","type-post","status-publish","format-standard","has-post-thumbnail","hentry","category-sao_paulo","category-destaques","category-noticias"],"_links":{"self":[{"href":"https:\/\/noticiasregionais.com.br\/index.php?rest_route=\/wp\/v2\/posts\/1680","targetHints":{"allow":["GET"]}}],"collection":[{"href":"https:\/\/noticiasregionais.com.br\/index.php?rest_route=\/wp\/v2\/posts"}],"about":[{"href":"https:\/\/noticiasregionais.com.br\/index.php?rest_route=\/wp\/v2\/types\/post"}],"author":[{"embeddable":true,"href":"https:\/\/noticiasregionais.com.br\/index.php?rest_route=\/wp\/v2\/users\/1"}],"replies":[{"embeddable":true,"href":"https:\/\/noticiasregionais.com.br\/index.php?rest_route=%2Fwp%2Fv2%2Fcomments&post=1680"}],"version-history":[{"count":1,"href":"https:\/\/noticiasregionais.com.br\/index.php?rest_route=\/wp\/v2\/posts\/1680\/revisions"}],"predecessor-version":[{"id":1681,"href":"https:\/\/noticiasregionais.com.br\/index.php?rest_route=\/wp\/v2\/posts\/1680\/revisions\/1681"}],"wp:featuredmedia":[{"embeddable":true,"href":"https:\/\/noticiasregionais.com.br\/index.php?rest_route=\/wp\/v2\/media\/908"}],"wp:attachment":[{"href":"https:\/\/noticiasregionais.com.br\/index.php?rest_route=%2Fwp%2Fv2%2Fmedia&parent=1680"}],"wp:term":[{"taxonomy":"category","embeddable":true,"href":"https:\/\/noticiasregionais.com.br\/index.php?rest_route=%2Fwp%2Fv2%2Fcategories&post=1680"},{"taxonomy":"post_tag","embeddable":true,"href":"https:\/\/noticiasregionais.com.br\/index.php?rest_route=%2Fwp%2Fv2%2Ftags&post=1680"}],"curies":[{"name":"wp","href":"https:\/\/api.w.org\/{rel}","templated":true}]}}