{"id":1685,"date":"2024-01-04T06:54:30","date_gmt":"2024-01-04T09:54:30","guid":{"rendered":"https:\/\/noticiasregionais.com.br\/?p=1685"},"modified":"2024-01-04T06:54:42","modified_gmt":"2024-01-04T09:54:42","slug":"morre-cantor-joao-carreiro-aos-41-anos","status":"publish","type":"post","link":"https:\/\/noticiasregionais.com.br\/?p=1685","title":{"rendered":"Morre cantor Jo\u00e3o Carreiro aos 41 anos"},"content":{"rendered":"\n<p class=\"has-text-align-center\"><strong>O sertanejo Jo\u00e3o Carreiro n\u00e3o resistiu a uma cirurgia para colocar uma v\u00e1lvula em seu cora\u00e7\u00e3o.<\/strong><\/p>\n\n\n\n<p>O cen\u00e1rio musical sertanejo brasileiro perdeu na noite desta quarta-feira (3) uma de suas vozes mais marcantes. O cantor Jo\u00e3o Carreiro n\u00e3o resistiu a uma cirurgia card\u00edaca e morreu aos 41 anos de idade.<\/p>\n\n\n\n<p>A mulher do artista, Francine Caroline, e o pr\u00f3prio cantor compartilharam momentos que antecederam o procedimento. Mais tarde, durante a tarde desta quarta, a cirurgia card\u00edaca foi anunciada por Francine como bem-sucedida, com a nova v\u00e1lvula em funcionamento. &#8220;O cora\u00e7\u00e3o dele j\u00e1 est\u00e1 funcionando sozinho com a nova v\u00e1lvula&#8221;, disse ela, por volta das 17h.<\/p>\n\n\n\n<p>Cerca de duas horas depois, no entanto, em um apelo emocionado, ela pedia ora\u00e7\u00f5es pela vida do marido, que corria risco de morte. Por volta das 21h20, ele n\u00e3o resistiu.<\/p>\n\n\n\n<p>Jo\u00e3o Carreiro enfrentava uma condi\u00e7\u00e3o delicada, diagnosticada como um prolapso da v\u00e1lvula mitral, que exigiu a interven\u00e7\u00e3o cir\u00fargica em busca de preservar sua sa\u00fade.<\/p>\n\n\n\n<p>O artista ficou famoso em todo o pa\u00eds pela parceria com Capataz e \u00e9 considerado uma das vozes mais marcantes do sertanejo nacional.<\/p>\n\n\n\n<p>At\u00e9 esta publica\u00e7\u00e3o, n\u00e3o havia informa\u00e7\u00f5es sobre o vel\u00f3rio e enterro do artista.<\/p>\n\n\n\n<p><strong><sub>fonte: Sampi \/ Folhapress<\/sub><\/strong><\/p>\n<input type=\"hidden\" id=\"baseurl\" value=\"https:\/\/noticiasregionais.com.br\"><input type=\"hidden\" id=\"audio_nonce\" value=\"533fbb67b1\">","protected":false},"excerpt":{"rendered":"<p>O sertanejo Jo\u00e3o Carreiro n\u00e3o resistiu a uma cirurgia para colocar uma v\u00e1lvula em seu cora\u00e7\u00e3o. O cen\u00e1rio musical sertanejo&hellip;<\/p>\n","protected":false},"author":1,"featured_media":1686,"comment_status":"closed","ping_status":"open","sticky":false,"template":"","format":"standard","meta":{"sfsi_plus_gutenberg_text_before_share":"","sfsi_plus_gutenberg_show_text_before_share":"","sfsi_plus_gutenberg_icon_type":"","sfsi_plus_gutenberg_icon_alignemt":"","sfsi_plus_gutenburg_max_per_row":"","footnotes":""},"categories":[8,10,1],"tags":[],"class_list":["post-1685","post","type-post","status-publish","format-standard","has-post-thumbnail","hentry","category-brasil","category-destaques","category-noticias"],"_links":{"self":[{"href":"https:\/\/noticiasregionais.com.br\/index.php?rest_route=\/wp\/v2\/posts\/1685","targetHints":{"allow":["GET"]}}],"collection":[{"href":"https:\/\/noticiasregionais.com.br\/index.php?rest_route=\/wp\/v2\/posts"}],"about":[{"href":"https:\/\/noticiasregionais.com.br\/index.php?rest_route=\/wp\/v2\/types\/post"}],"author":[{"embeddable":true,"href":"https:\/\/noticiasregionais.com.br\/index.php?rest_route=\/wp\/v2\/users\/1"}],"replies":[{"embeddable":true,"href":"https:\/\/noticiasregionais.com.br\/index.php?rest_route=%2Fwp%2Fv2%2Fcomments&post=1685"}],"version-history":[{"count":1,"href":"https:\/\/noticiasregionais.com.br\/index.php?rest_route=\/wp\/v2\/posts\/1685\/revisions"}],"predecessor-version":[{"id":1687,"href":"https:\/\/noticiasregionais.com.br\/index.php?rest_route=\/wp\/v2\/posts\/1685\/revisions\/1687"}],"wp:featuredmedia":[{"embeddable":true,"href":"https:\/\/noticiasregionais.com.br\/index.php?rest_route=\/wp\/v2\/media\/1686"}],"wp:attachment":[{"href":"https:\/\/noticiasregionais.com.br\/index.php?rest_route=%2Fwp%2Fv2%2Fmedia&parent=1685"}],"wp:term":[{"taxonomy":"category","embeddable":true,"href":"https:\/\/noticiasregionais.com.br\/index.php?rest_route=%2Fwp%2Fv2%2Fcategories&post=1685"},{"taxonomy":"post_tag","embeddable":true,"href":"https:\/\/noticiasregionais.com.br\/index.php?rest_route=%2Fwp%2Fv2%2Ftags&post=1685"}],"curies":[{"name":"wp","href":"https:\/\/api.w.org\/{rel}","templated":true}]}}