{"id":1688,"date":"2024-01-04T22:06:01","date_gmt":"2024-01-05T01:06:01","guid":{"rendered":"https:\/\/noticiasregionais.com.br\/?p=1688"},"modified":"2024-01-04T22:06:13","modified_gmt":"2024-01-05T01:06:13","slug":"policial-militar-de-sc-mata-assaltante-durante-roubo-na-casa-de-seus-pais-em-ourinhos","status":"publish","type":"post","link":"https:\/\/noticiasregionais.com.br\/?p=1688","title":{"rendered":"Policial militar de SC mata assaltante durante roubo na casa de seus pais em Ourinhos"},"content":{"rendered":"\n<p class=\"has-text-align-center\"><strong>Um segundo criminoso tamb\u00e9m foi atingido por disparos de arma de fogo; o terceiro envolvido no crime fugiu<\/strong><\/p>\n\n\n\n<p>Um policial militar (PM) de folga reagiu a um assalto e matou a tiros um criminoso na noite desta quarta-feira (3), em Ourinhos no Jardim Santa F\u00e9 2. Outro ladr\u00e3o tamb\u00e9m foi ferido por disparo de arma de fogo, mas acabou detido. O terceiro participante conseguiu fugir e ainda n\u00e3o foi localizado.<\/p>\n\n\n\n<p>Segundo o registro policial, tr\u00eas criminosos invadiram o im\u00f3vel onde moram os pais do PM e anunciaram o assalto. Em certo momento, o policial viu uma oportunidade e atirou contra um dos criminosos. O disparo atingiu o t\u00f3rax do homem, que morreu no local.<\/p>\n\n\n\n<p>Logo depois, o PM correu em dire\u00e7\u00e3o a outro ladr\u00e3o. O suspeito tentou fugir, por\u00e9m, foi alvejado em uma das m\u00e3os, um dos p\u00e9s e tamb\u00e9m no t\u00f3rax, sendo posteriormente rendido pelo policial. J\u00e1 o terceiro integrante do trio conseguiu fugir.<\/p>\n\n\n\n<p>O caso \u00e9 apurado pela Pol\u00edcia Civil de Ourinhos, por meio da Delegacia de Investiga\u00e7\u00f5es Gerais (DIG), que tamb\u00e9m busca identificar e prender o terceiro envolvido no roubo.<\/p>\n\n\n\n<p><sub><strong>fonte: Sampi \/ Folhapress<\/strong><\/sub><\/p>\n<input type=\"hidden\" id=\"baseurl\" value=\"https:\/\/noticiasregionais.com.br\"><input type=\"hidden\" id=\"audio_nonce\" value=\"533fbb67b1\">","protected":false},"excerpt":{"rendered":"<p>Um segundo criminoso tamb\u00e9m foi atingido por disparos de arma de fogo; o terceiro envolvido no crime fugiu Um policial&hellip;<\/p>\n","protected":false},"author":1,"featured_media":1689,"comment_status":"closed","ping_status":"open","sticky":false,"template":"","format":"standard","meta":{"sfsi_plus_gutenberg_text_before_share":"","sfsi_plus_gutenberg_show_text_before_share":"","sfsi_plus_gutenberg_icon_type":"","sfsi_plus_gutenberg_icon_alignemt":"","sfsi_plus_gutenburg_max_per_row":"","footnotes":""},"categories":[5,10,1],"tags":[],"class_list":["post-1688","post","type-post","status-publish","format-standard","has-post-thumbnail","hentry","category-ourinhos","category-destaques","category-noticias"],"_links":{"self":[{"href":"https:\/\/noticiasregionais.com.br\/index.php?rest_route=\/wp\/v2\/posts\/1688","targetHints":{"allow":["GET"]}}],"collection":[{"href":"https:\/\/noticiasregionais.com.br\/index.php?rest_route=\/wp\/v2\/posts"}],"about":[{"href":"https:\/\/noticiasregionais.com.br\/index.php?rest_route=\/wp\/v2\/types\/post"}],"author":[{"embeddable":true,"href":"https:\/\/noticiasregionais.com.br\/index.php?rest_route=\/wp\/v2\/users\/1"}],"replies":[{"embeddable":true,"href":"https:\/\/noticiasregionais.com.br\/index.php?rest_route=%2Fwp%2Fv2%2Fcomments&post=1688"}],"version-history":[{"count":1,"href":"https:\/\/noticiasregionais.com.br\/index.php?rest_route=\/wp\/v2\/posts\/1688\/revisions"}],"predecessor-version":[{"id":1690,"href":"https:\/\/noticiasregionais.com.br\/index.php?rest_route=\/wp\/v2\/posts\/1688\/revisions\/1690"}],"wp:featuredmedia":[{"embeddable":true,"href":"https:\/\/noticiasregionais.com.br\/index.php?rest_route=\/wp\/v2\/media\/1689"}],"wp:attachment":[{"href":"https:\/\/noticiasregionais.com.br\/index.php?rest_route=%2Fwp%2Fv2%2Fmedia&parent=1688"}],"wp:term":[{"taxonomy":"category","embeddable":true,"href":"https:\/\/noticiasregionais.com.br\/index.php?rest_route=%2Fwp%2Fv2%2Fcategories&post=1688"},{"taxonomy":"post_tag","embeddable":true,"href":"https:\/\/noticiasregionais.com.br\/index.php?rest_route=%2Fwp%2Fv2%2Ftags&post=1688"}],"curies":[{"name":"wp","href":"https:\/\/api.w.org\/{rel}","templated":true}]}}