{"id":1691,"date":"2024-01-04T22:10:50","date_gmt":"2024-01-05T01:10:50","guid":{"rendered":"https:\/\/noticiasregionais.com.br\/?p=1691"},"modified":"2024-01-04T22:10:53","modified_gmt":"2024-01-05T01:10:53","slug":"nascidos-em-janeiro-ja-podem-retirar-saque-aniversario-do-fgts","status":"publish","type":"post","link":"https:\/\/noticiasregionais.com.br\/?p=1691","title":{"rendered":"Nascidos em janeiro j\u00e1 podem retirar saque-anivers\u00e1rio do FGTS"},"content":{"rendered":"\n<p class=\"has-text-align-center\"><strong>A modalidade, em vigor desde 2020, permite que o trabalhador saque, anualmente, parte do saldo das contas ativas e inativas do FGTS no m\u00eas em que faz anivers\u00e1rio.<\/strong><\/p>\n\n\n\n<p>A Caixa Econ\u00f4mica Federal disponibilizou, nesta semana, o calend\u00e1rio do saque-anivers\u00e1rio do FGTS (Fundo de Garantia do Trabalhador Social) de 2024. Nascidos em janeiro j\u00e1 podem fazer o resgate desde o dia 2.<\/p>\n\n\n\n<p>A modalidade, em vigor desde 2020, permite que o trabalhador saque, anualmente, parte do saldo das contas ativas e inativas do FGTS no m\u00eas em que faz anivers\u00e1rio. Em contrapartida, ele n\u00e3o poder\u00e1 sacar o valor depositado pela empresa caso seja demitido sem justa causa, tendo acesso apenas \u00e0 multa rescis\u00f3ria.<\/p>\n\n\n\n<p>A ades\u00e3o \u00e9 opcional e pode ser feita atrav\u00e9s do aplicativo e do site do FGTS, al\u00e9m de ag\u00eancias e internet banking da Caixa.<\/p>\n\n\n\n<p>Para quem quiser receber o dinheiro j\u00e1 neste ano, \u00e9 preciso aderir \u00e0 modalidade at\u00e9 o \u00faltimo dia do m\u00eas em que faz anivers\u00e1rio. Se o prazo for ultrapassado, o trabalhador s\u00f3 receber\u00e1 a parcela no ano que vem.<\/p>\n\n\n\n<p>Os valores para saque, por outro lado, ficam dispon\u00edveis at\u00e9 o \u00faltimo dia do segundo m\u00eas subsequente ao do anivers\u00e1rio. Caso n\u00e3o seja retirada, a quantia volta para a conta sem preju\u00edzo ao trabalhador.<\/p>\n\n\n\n<p>Quem n\u00e3o optar pelo saque-anivers\u00e1rio permanece na modalidade padr\u00e3o: o saque-rescis\u00e3o. A sistem\u00e1tica d\u00e1 direito ao saque integral da conta do FGTS ?incluindo a multa rescis\u00f3ria? quando o trabalhador \u00e9 demitido sem justa causa, se aposenta, \u00e9 acometido por uma doen\u00e7a grave ou deseja comprar um im\u00f3vel.<\/p>\n\n\n\n<p>Tamb\u00e9m \u00e9 poss\u00edvel voltar \u00e0 modalidade padr\u00e3o, caso o trabalhador queira parar de receber o saque-anivers\u00e1rio. H\u00e1, no entanto, uma esp\u00e9cie de &#8220;quarentena&#8221;: ao voltar para o saque-rescis\u00e3o, ele fica dois anos sem poder sacar o saldo da conta do FGTS, mesmo em caso de demiss\u00e3o. Com isso, ele s\u00f3 tem acesso \u00e0 multa rescis\u00f3ria.<\/p>\n\n\n\n<p>O ministro do Trabalho e Emprego, Luiz Marinho, afirmou que pretende mudar essa regra em 2024.<\/p>\n\n\n\n<p>A ideia \u00e9 permitir o saque total da conta em casos de demiss\u00e3o, quer o trabalhador tenha aderido ao saque-anivers\u00e1rio ou n\u00e3o. O governo, por\u00e9m, prev\u00ea rev\u00e9s no Congresso no momento de tramita\u00e7\u00e3o do projeto de lei: a avalia\u00e7\u00e3o \u00e9 de que deputados e senadores resistem a modificar ou abolir uma regra que eles pr\u00f3prios aprovaram.<\/p>\n\n\n\n<p>Veja o calend\u00e1rio do saque-anivers\u00e1rio de 2024<br>Nascidos em janeiro &#8211; Saques de 2 de janeiro a 29 de mar\u00e7o<br>Nascidos em fevereiro &#8211; Saques de 1\u00ba de fevereiro e 30 de abril<br>Nascidos em mar\u00e7o &#8211; Saques de 1\u00ba de mar\u00e7o a 31 de maio<br>Nascidos em abril &#8211; Saques de 1\u00ba de abril a 28 de junho<br>Nascidos em maio &#8211; Saques de 2 de maio a 31 de julho<br>Nascidos em junho &#8211; Saques de 3 de junho a 30 de agosto<br>Nascidos em julho &#8211; Saques de 1\u00ba de julho a 30 de setembro<br>Nascidos em agosto &#8211; Saques de 1\u00ba de agosto a 31 de outubro<br>Nascidos em setembro &#8211; Saques de 2 de setembro a 30 de novembro<br>Nascidos em outubro &#8211; Saques de 1\u00ba de outubro a 29 de dezembro<br>Nascidos em novembro &#8211; Saques de 1\u00ba de novembro a 31 de janeiro de 2025<br>Nascidos em dezembro &#8211; Saques de 2 de dezembro a 28 de fevereiro de 2025<\/p>\n\n\n\n<p>Como calcular o valor do saque-anivers\u00e1rio<br>A quantia dispon\u00edvel para retirada depende do saldo em cada conta do FGTS. Para valores at\u00e9 R$ 500, o trabalhador pode sacar 50% do total. A partir da\u00ed, a porcentagem diminui, mas h\u00e1 uma parcela fixa adicional que aumenta de acordo com o saldo.<\/p>\n\n\n\n<p>At\u00e9 R$ 500 &#8211; 50% + R$ 0<br>De R$ 500,01 at\u00e9 R$ 1.000 &#8211; 40% + R$ 50<br>De R$ 1.000,01 at\u00e9 R$ 5.000 &#8211; 30% + R$ 150<br>De R$ 5.000,01 at\u00e9 R$ 10.000 &#8211; 20% + R$ 650<br>De R$ 10.000,01 at\u00e9 R$ 15.000 &#8211; 15%+ R$ 1.150<br>De R$ 15.000,01 at\u00e9 R$ 20.000 &#8211; 10% + R$ 1.900<br>Acima de R$ 20.000,01 &#8211; 5% + R$ 2.900<\/p>\n\n\n\n<p><strong><sub>fonte: Sampi \/ Folhapress<\/sub><\/strong><\/p>\n<input type=\"hidden\" id=\"baseurl\" value=\"https:\/\/noticiasregionais.com.br\"><input type=\"hidden\" id=\"audio_nonce\" value=\"533fbb67b1\">","protected":false},"excerpt":{"rendered":"<p>A modalidade, em vigor desde 2020, permite que o trabalhador saque, anualmente, parte do saldo das contas ativas e inativas&hellip;<\/p>\n","protected":false},"author":1,"featured_media":1692,"comment_status":"closed","ping_status":"open","sticky":false,"template":"","format":"standard","meta":{"sfsi_plus_gutenberg_text_before_share":"","sfsi_plus_gutenberg_show_text_before_share":"","sfsi_plus_gutenberg_icon_type":"","sfsi_plus_gutenberg_icon_alignemt":"","sfsi_plus_gutenburg_max_per_row":"","footnotes":""},"categories":[8,10,1],"tags":[],"class_list":["post-1691","post","type-post","status-publish","format-standard","has-post-thumbnail","hentry","category-brasil","category-destaques","category-noticias"],"_links":{"self":[{"href":"https:\/\/noticiasregionais.com.br\/index.php?rest_route=\/wp\/v2\/posts\/1691","targetHints":{"allow":["GET"]}}],"collection":[{"href":"https:\/\/noticiasregionais.com.br\/index.php?rest_route=\/wp\/v2\/posts"}],"about":[{"href":"https:\/\/noticiasregionais.com.br\/index.php?rest_route=\/wp\/v2\/types\/post"}],"author":[{"embeddable":true,"href":"https:\/\/noticiasregionais.com.br\/index.php?rest_route=\/wp\/v2\/users\/1"}],"replies":[{"embeddable":true,"href":"https:\/\/noticiasregionais.com.br\/index.php?rest_route=%2Fwp%2Fv2%2Fcomments&post=1691"}],"version-history":[{"count":1,"href":"https:\/\/noticiasregionais.com.br\/index.php?rest_route=\/wp\/v2\/posts\/1691\/revisions"}],"predecessor-version":[{"id":1693,"href":"https:\/\/noticiasregionais.com.br\/index.php?rest_route=\/wp\/v2\/posts\/1691\/revisions\/1693"}],"wp:featuredmedia":[{"embeddable":true,"href":"https:\/\/noticiasregionais.com.br\/index.php?rest_route=\/wp\/v2\/media\/1692"}],"wp:attachment":[{"href":"https:\/\/noticiasregionais.com.br\/index.php?rest_route=%2Fwp%2Fv2%2Fmedia&parent=1691"}],"wp:term":[{"taxonomy":"category","embeddable":true,"href":"https:\/\/noticiasregionais.com.br\/index.php?rest_route=%2Fwp%2Fv2%2Fcategories&post=1691"},{"taxonomy":"post_tag","embeddable":true,"href":"https:\/\/noticiasregionais.com.br\/index.php?rest_route=%2Fwp%2Fv2%2Ftags&post=1691"}],"curies":[{"name":"wp","href":"https:\/\/api.w.org\/{rel}","templated":true}]}}