{"id":1694,"date":"2024-01-05T08:29:08","date_gmt":"2024-01-05T11:29:08","guid":{"rendered":"https:\/\/noticiasregionais.com.br\/?p=1694"},"modified":"2024-01-05T08:29:20","modified_gmt":"2024-01-05T11:29:20","slug":"forca-tatica-detem-dois-elementos-com-quantidade-significativa-de-drogas-no-jardim-europa","status":"publish","type":"post","link":"https:\/\/noticiasregionais.com.br\/?p=1694","title":{"rendered":"For\u00e7a T\u00e1tica det\u00eam dois elementos com quantidade significativa de drogas no Jardim Europa"},"content":{"rendered":"\n<p>Na noite de 04\/01\/2024, quinta-feira, um elemento de 28 anos, identificado como A.H.A.S., foi detido em Ourinhos sob acusa\u00e7\u00e3o de tr\u00e1fico de drogas. A pris\u00e3o ocorreu ap\u00f3s uma a\u00e7\u00e3o da Equipe de For\u00e7a T\u00e1tica da Pol\u00edcia Militar por volta das 19h30.<br>Durante patrulhamento na rua Jo\u00e3o Zacki Abucham, no Jardim Europa, os policiais avistaram A.H.A.S. conduzindo uma bicicleta e abordaram. Inicialmente o elemento negou a posse de entorpecentes, mas acabou admitindo ter recebido uma bolsa de outra pessoa para armazenar em sua resid\u00eancia. A.H.A.S. levou os agentes at\u00e9 sua casa, onde foi encontrada a bolsa contendo 48 por\u00e7\u00f5es de maconha e 7 por\u00e7\u00f5es de coca\u00edna.<br>Os policiais foram \u00e0 resid\u00eancia do suposto dono da droga, que negou a propriedade das subst\u00e2ncias encontradas. Ele consentiu a entrada dos policiais, resultando na descoberta de uma por\u00e7\u00e3o de maconha em sua casa.<br>Ambos foram conduzidos a CPJ de Ourinhos. As subst\u00e2ncias apreendidas apresentaram peso de 326,85g + 18,54g de maconha, 69,54g de coca\u00edna. A autoridade policial ratificou a pris\u00e3o de A.H.A.S. por tr\u00e1fico de drogas. O segundo elemento foi autuado por uso de drogas, sendo liberado mediante assinatura de TC, mas seu envolvimento com o tr\u00e1fico ser\u00e1 investigado.<\/p>\n<input type=\"hidden\" id=\"baseurl\" value=\"https:\/\/noticiasregionais.com.br\"><input type=\"hidden\" id=\"audio_nonce\" value=\"533fbb67b1\">","protected":false},"excerpt":{"rendered":"<p>Na noite de 04\/01\/2024, quinta-feira, um elemento de 28 anos, identificado como A.H.A.S., foi detido em Ourinhos sob acusa\u00e7\u00e3o de&hellip;<\/p>\n","protected":false},"author":1,"featured_media":1695,"comment_status":"closed","ping_status":"open","sticky":false,"template":"","format":"standard","meta":{"sfsi_plus_gutenberg_text_before_share":"","sfsi_plus_gutenberg_show_text_before_share":"","sfsi_plus_gutenberg_icon_type":"","sfsi_plus_gutenberg_icon_alignemt":"","sfsi_plus_gutenburg_max_per_row":"","footnotes":""},"categories":[5,12,1],"tags":[],"class_list":["post-1694","post","type-post","status-publish","format-standard","has-post-thumbnail","hentry","category-ourinhos","category-capa","category-noticias"],"_links":{"self":[{"href":"https:\/\/noticiasregionais.com.br\/index.php?rest_route=\/wp\/v2\/posts\/1694","targetHints":{"allow":["GET"]}}],"collection":[{"href":"https:\/\/noticiasregionais.com.br\/index.php?rest_route=\/wp\/v2\/posts"}],"about":[{"href":"https:\/\/noticiasregionais.com.br\/index.php?rest_route=\/wp\/v2\/types\/post"}],"author":[{"embeddable":true,"href":"https:\/\/noticiasregionais.com.br\/index.php?rest_route=\/wp\/v2\/users\/1"}],"replies":[{"embeddable":true,"href":"https:\/\/noticiasregionais.com.br\/index.php?rest_route=%2Fwp%2Fv2%2Fcomments&post=1694"}],"version-history":[{"count":1,"href":"https:\/\/noticiasregionais.com.br\/index.php?rest_route=\/wp\/v2\/posts\/1694\/revisions"}],"predecessor-version":[{"id":1696,"href":"https:\/\/noticiasregionais.com.br\/index.php?rest_route=\/wp\/v2\/posts\/1694\/revisions\/1696"}],"wp:featuredmedia":[{"embeddable":true,"href":"https:\/\/noticiasregionais.com.br\/index.php?rest_route=\/wp\/v2\/media\/1695"}],"wp:attachment":[{"href":"https:\/\/noticiasregionais.com.br\/index.php?rest_route=%2Fwp%2Fv2%2Fmedia&parent=1694"}],"wp:term":[{"taxonomy":"category","embeddable":true,"href":"https:\/\/noticiasregionais.com.br\/index.php?rest_route=%2Fwp%2Fv2%2Fcategories&post=1694"},{"taxonomy":"post_tag","embeddable":true,"href":"https:\/\/noticiasregionais.com.br\/index.php?rest_route=%2Fwp%2Fv2%2Ftags&post=1694"}],"curies":[{"name":"wp","href":"https:\/\/api.w.org\/{rel}","templated":true}]}}