{"id":1697,"date":"2024-01-05T08:38:28","date_gmt":"2024-01-05T11:38:28","guid":{"rendered":"https:\/\/noticiasregionais.com.br\/?p=1697"},"modified":"2024-01-05T08:38:31","modified_gmt":"2024-01-05T11:38:31","slug":"prazo-para-autorregularizacao-de-dividas-comeca-nesta-sexta-feira-5-apos-ser-adiado-pela-receita-federal","status":"publish","type":"post","link":"https:\/\/noticiasregionais.com.br\/?p=1697","title":{"rendered":"Prazo para autorregulariza\u00e7\u00e3o de d\u00edvidas come\u00e7a nesta sexta-feira (5), ap\u00f3s ser adiado pela Receita Federal"},"content":{"rendered":"\n<p class=\"has-text-align-center\"><strong>Previsto para ser disponibilizado na \u00faltima ter\u00e7a-feira (2), formul\u00e1rio n\u00e3o saiu por problemas t\u00e9cnicos<\/strong><\/p>\n\n\n\n<p>O prazo para a autorregulariza\u00e7\u00e3o de d\u00e9bitos com a Receita Federal foi adiado e come\u00e7a nesta sexta-feira (5). Os contribuintes t\u00eam at\u00e9 o dia 1\u00ba de abril para quitar d\u00edvidas sem juros e multas.&nbsp;<\/p>\n\n\n\n<p>De acordo com a Receita, o formul\u00e1rio de ades\u00e3o n\u00e3o foi disponibilizado na data por problemas t\u00e9cnicos. O prazo come\u00e7aria nesta ter\u00e7a-feira (2). Al\u00e9m de pessoa f\u00edsica, a Autorregulariza\u00e7\u00e3o Incentivada de Tributos pode ser aderida por empresas.&nbsp;<\/p>\n\n\n\n<p>O programa n\u00e3o d\u00e1 desconto no valor da d\u00edvida, mas h\u00e1 a elimina\u00e7\u00e3o de 100% das multas e juros sobre os impostos devidos.&nbsp;<\/p>\n\n\n\n<p>Com a medida, criada pela Lei 14.740, o d\u00e9bito pode ser pago \u00e0 vista ou metade do valor como entrada e o restante parcelado em at\u00e9 48 vezes. No entanto, pode ser retirado da autorregulariza\u00e7\u00e3o quem deixar de pagar tr\u00eas parcelas seguidas do acordo ou seis alternadas.&nbsp;<\/p>\n\n\n\n<p>A contadora Josy Barbosa, do JCB Contabilidade, diz como funciona a ades\u00e3o no Centro Virtual de Atendimento da Receita Federal (e-CAC).&nbsp;<\/p>\n\n\n\n<p>\u201cSe \u00e9 pessoa f\u00edsica precisa ter uma s\u00e9rie ouro no portal Gov ou ter um certificado digital para entrar e se autorregularizar atrav\u00e9s do e-CAC. Pessoa jur\u00eddica pode aderir atrav\u00e9s de uma procura\u00e7\u00e3o e o pr\u00f3prio certificado digital e assim voc\u00ea vai poder aplicar a concess\u00e3o de parcelamento\u201d, explica.&nbsp;<\/p>\n\n\n\n<p>Quem n\u00e3o aderir \u00e0 autorregulariza\u00e7\u00e3o vai pagar uma multa de 20% do valor da d\u00edvida.&nbsp;<\/p>\n\n\n\n<h2 class=\"wp-block-heading\">Consequ\u00eancias do d\u00e9bito<\/h2>\n\n\n\n<p>O programa permite a inclus\u00e3o de tributos n\u00e3o constitu\u00eddos, aqueles n\u00e3o confessados pelo devedor, at\u00e9 30 de novembro de 2023, e tributos constitu\u00eddos entre 30 de novembro de 2023 e 1\u00ba de abril deste ano.&nbsp;<\/p>\n\n\n\n<p>O economista Newton Marques cita alguns problemas que podem surgir na vida de quem tem esse tipo de d\u00edvida.&nbsp;<\/p>\n\n\n\n<p>\u201cSe eu tenho uma empresa e preciso participar de uma licita\u00e7\u00e3o, pedem a certid\u00e3o negativa, a\u00ed n\u00e3o vai ter, se vai tomar cr\u00e9dito n\u00e3o consegue o empr\u00e9stimo. Pessoa f\u00edsica vai querer tirar o passaporte, renovar o passaporte e est\u00e1 com d\u00edvida na Receita, tamb\u00e9m n\u00e3o tem nenhuma colher de ch\u00e1. Ent\u00e3o, toda vez que algu\u00e9m deve \u00e0 Receita Federal ela fica muito cerceada\u201d, &nbsp;analisa o economista.<\/p>\n\n\n\n<p>Apesar de ser voltada tamb\u00e9m para pessoa jur\u00eddica, os optantes pelo Simples Nacional \u2014 regime especial para micro e pequenas empresas como o MEI \u2014 n\u00e3o s\u00e3o contemplados pela medida.&nbsp;<br>Al\u00e9m disso, o programa n\u00e3o abrange d\u00edvida ativa da Uni\u00e3o, quando a Procuradoria-Geral da Fazenda Nacional passa a cobrar o d\u00e9bito na Justi\u00e7a.&nbsp;<\/p>\n\n\n\n<p>Fonte: <a href=\"https:\/\/brasil61.com\/n\/prazo-para-autorregularizacao-de-dividas-comeca-nesta-sexta-feira-5-apos-ser-adiado-pela-receita-federal-bras2410530\" target=\"_blank\" rel=\"noreferrer noopener\">Brasil 61<\/a><\/p>\n<input type=\"hidden\" id=\"baseurl\" value=\"https:\/\/noticiasregionais.com.br\"><input type=\"hidden\" id=\"audio_nonce\" value=\"533fbb67b1\">","protected":false},"excerpt":{"rendered":"<p>Previsto para ser disponibilizado na \u00faltima ter\u00e7a-feira (2), formul\u00e1rio n\u00e3o saiu por problemas t\u00e9cnicos O prazo para a autorregulariza\u00e7\u00e3o de&hellip;<\/p>\n","protected":false},"author":1,"featured_media":1698,"comment_status":"closed","ping_status":"open","sticky":false,"template":"","format":"standard","meta":{"sfsi_plus_gutenberg_text_before_share":"","sfsi_plus_gutenberg_show_text_before_share":"","sfsi_plus_gutenberg_icon_type":"","sfsi_plus_gutenberg_icon_alignemt":"","sfsi_plus_gutenburg_max_per_row":"","footnotes":""},"categories":[8,10,1],"tags":[],"class_list":["post-1697","post","type-post","status-publish","format-standard","has-post-thumbnail","hentry","category-brasil","category-destaques","category-noticias"],"_links":{"self":[{"href":"https:\/\/noticiasregionais.com.br\/index.php?rest_route=\/wp\/v2\/posts\/1697","targetHints":{"allow":["GET"]}}],"collection":[{"href":"https:\/\/noticiasregionais.com.br\/index.php?rest_route=\/wp\/v2\/posts"}],"about":[{"href":"https:\/\/noticiasregionais.com.br\/index.php?rest_route=\/wp\/v2\/types\/post"}],"author":[{"embeddable":true,"href":"https:\/\/noticiasregionais.com.br\/index.php?rest_route=\/wp\/v2\/users\/1"}],"replies":[{"embeddable":true,"href":"https:\/\/noticiasregionais.com.br\/index.php?rest_route=%2Fwp%2Fv2%2Fcomments&post=1697"}],"version-history":[{"count":1,"href":"https:\/\/noticiasregionais.com.br\/index.php?rest_route=\/wp\/v2\/posts\/1697\/revisions"}],"predecessor-version":[{"id":1699,"href":"https:\/\/noticiasregionais.com.br\/index.php?rest_route=\/wp\/v2\/posts\/1697\/revisions\/1699"}],"wp:featuredmedia":[{"embeddable":true,"href":"https:\/\/noticiasregionais.com.br\/index.php?rest_route=\/wp\/v2\/media\/1698"}],"wp:attachment":[{"href":"https:\/\/noticiasregionais.com.br\/index.php?rest_route=%2Fwp%2Fv2%2Fmedia&parent=1697"}],"wp:term":[{"taxonomy":"category","embeddable":true,"href":"https:\/\/noticiasregionais.com.br\/index.php?rest_route=%2Fwp%2Fv2%2Fcategories&post=1697"},{"taxonomy":"post_tag","embeddable":true,"href":"https:\/\/noticiasregionais.com.br\/index.php?rest_route=%2Fwp%2Fv2%2Ftags&post=1697"}],"curies":[{"name":"wp","href":"https:\/\/api.w.org\/{rel}","templated":true}]}}