{"id":1700,"date":"2024-01-05T15:38:21","date_gmt":"2024-01-05T18:38:21","guid":{"rendered":"https:\/\/noticiasregionais.com.br\/?p=1700"},"modified":"2024-01-05T15:38:24","modified_gmt":"2024-01-05T18:38:24","slug":"operacao-impacto-pm-prende-79-mil-pessoas-e-apreende-156-toneladas-de-drogas-em-um-ano","status":"publish","type":"post","link":"https:\/\/noticiasregionais.com.br\/?p=1700","title":{"rendered":"Opera\u00e7\u00e3o Impacto: PM prende 79 mil pessoas e apreende 156 toneladas de drogas em um ano"},"content":{"rendered":"\n<p class=\"has-text-align-center\"><strong>A\u00e7\u00e3o refor\u00e7ou o policiamento no Estado para reduzir indicadores criminais e aumentar a sensa\u00e7\u00e3o de seguran\u00e7a da popula\u00e7\u00e3o<\/strong><\/p>\n\n\n\n<p>A Pol\u00edcia Militar prendeu 79 mil pessoas e apreendeu 156 toneladas de drogas em 2023, durante a Opera\u00e7\u00e3o Impacto, que foi deflagrada em todo o Estado. Dentre os presos, 26,6 mil eram procurados da Justi\u00e7a.<\/p>\n\n\n\n<p>A opera\u00e7\u00e3o foi realizada com o objetivo de ampliar a a\u00e7\u00e3o ostensiva para aumentar a sensa\u00e7\u00e3o de seguran\u00e7a da popula\u00e7\u00e3o e reduzir os indicadores criminais por meio de planejamento estrat\u00e9gico baseado no uso de intelig\u00eancia policial e geoprocessamento de dados, que permite identificar os pontos com os maiores \u00edndices de criminalidade.<\/p>\n\n\n\n<p>A a\u00e7\u00e3o tamb\u00e9m teve desdobramentos em \u00e1reas espec\u00edficas, que apresentaram maiores \u00edndices de crimes, sobretudo os contra o patrim\u00f4nio. No Centro de S\u00e3o Paulo, o policiamento foi ampliado com mais de 120 agentes diariamente nas ruas. Al\u00e9m disso, outras regi\u00f5es tamb\u00e9m tiveram refor\u00e7o em dias espec\u00edficos, como a Faria Lima e a Avenida Paulista.<\/p>\n\n\n\n<p>Como resultado, a opera\u00e7\u00e3o contribuiu para a queda dos indicadores de roubos no Estado. Os roubos em geral registraram queda de 5,8%, e os de ve\u00edculos, 8,8%.<\/p>\n\n\n\n<p>\u201cOs n\u00fameros da Opera\u00e7\u00e3o Impacto falam por si s\u00f3. Logo no come\u00e7o da nossa gest\u00e3o colocamos nas ruas essa opera\u00e7\u00e3o para que os criminosos \u2013 e a popula\u00e7\u00e3o \u2013 soubessem que a pol\u00edcia estaria presente, e foi assim durante todo o ano. A Pol\u00edcia Militar abra\u00e7ou esta opera\u00e7\u00e3o e respondeu com produtividade exemplar e com um recado claro: a criminalidade n\u00e3o ter\u00e1 descanso enquanto estivermos \u00e0 frente da Seguran\u00e7a P\u00fablica\u201d, destacou o secret\u00e1rio da Seguran\u00e7a P\u00fablica, Guilherme Derrite.<\/p>\n\n\n\n<p><strong>Outros resultados<\/strong><\/p>\n\n\n\n<p>Al\u00e9m dos presos e das drogas recolhidas, a a\u00e7\u00e3o tamb\u00e9m retirou das ruas, entre 11 de janeiro de 2023 e 1 de janeiro de 2024, mais de 4,3 mil armas de fogos irregulares, que poderiam estar nas m\u00e3os de criminosos.<\/p>\n\n\n\n<p>No mesmo per\u00edodo, a opera\u00e7\u00e3o vistoriou mais de 3,7 milh\u00f5es de ve\u00edculos nas ruas e estradas paulistas. Destes, 117,3 mil carros e 58,9 mil motos que estavam em situa\u00e7\u00e3o irregular, colocando a vida de motoristas, passageiros e pedestres em risco, foram apreendidos.<\/p>\n<input type=\"hidden\" id=\"baseurl\" value=\"https:\/\/noticiasregionais.com.br\"><input type=\"hidden\" id=\"audio_nonce\" value=\"533fbb67b1\">","protected":false},"excerpt":{"rendered":"<p>A\u00e7\u00e3o refor\u00e7ou o policiamento no Estado para reduzir indicadores criminais e aumentar a sensa\u00e7\u00e3o de seguran\u00e7a da popula\u00e7\u00e3o A Pol\u00edcia&hellip;<\/p>\n","protected":false},"author":1,"featured_media":1701,"comment_status":"closed","ping_status":"open","sticky":false,"template":"","format":"standard","meta":{"sfsi_plus_gutenberg_text_before_share":"","sfsi_plus_gutenberg_show_text_before_share":"","sfsi_plus_gutenberg_icon_type":"","sfsi_plus_gutenberg_icon_alignemt":"","sfsi_plus_gutenburg_max_per_row":"","footnotes":""},"categories":[6,10,1],"tags":[],"class_list":["post-1700","post","type-post","status-publish","format-standard","has-post-thumbnail","hentry","category-sao_paulo","category-destaques","category-noticias"],"_links":{"self":[{"href":"https:\/\/noticiasregionais.com.br\/index.php?rest_route=\/wp\/v2\/posts\/1700","targetHints":{"allow":["GET"]}}],"collection":[{"href":"https:\/\/noticiasregionais.com.br\/index.php?rest_route=\/wp\/v2\/posts"}],"about":[{"href":"https:\/\/noticiasregionais.com.br\/index.php?rest_route=\/wp\/v2\/types\/post"}],"author":[{"embeddable":true,"href":"https:\/\/noticiasregionais.com.br\/index.php?rest_route=\/wp\/v2\/users\/1"}],"replies":[{"embeddable":true,"href":"https:\/\/noticiasregionais.com.br\/index.php?rest_route=%2Fwp%2Fv2%2Fcomments&post=1700"}],"version-history":[{"count":1,"href":"https:\/\/noticiasregionais.com.br\/index.php?rest_route=\/wp\/v2\/posts\/1700\/revisions"}],"predecessor-version":[{"id":1702,"href":"https:\/\/noticiasregionais.com.br\/index.php?rest_route=\/wp\/v2\/posts\/1700\/revisions\/1702"}],"wp:featuredmedia":[{"embeddable":true,"href":"https:\/\/noticiasregionais.com.br\/index.php?rest_route=\/wp\/v2\/media\/1701"}],"wp:attachment":[{"href":"https:\/\/noticiasregionais.com.br\/index.php?rest_route=%2Fwp%2Fv2%2Fmedia&parent=1700"}],"wp:term":[{"taxonomy":"category","embeddable":true,"href":"https:\/\/noticiasregionais.com.br\/index.php?rest_route=%2Fwp%2Fv2%2Fcategories&post=1700"},{"taxonomy":"post_tag","embeddable":true,"href":"https:\/\/noticiasregionais.com.br\/index.php?rest_route=%2Fwp%2Fv2%2Ftags&post=1700"}],"curies":[{"name":"wp","href":"https:\/\/api.w.org\/{rel}","templated":true}]}}