{"id":1703,"date":"2024-01-05T16:06:04","date_gmt":"2024-01-05T19:06:04","guid":{"rendered":"https:\/\/noticiasregionais.com.br\/?p=1703"},"modified":"2024-01-05T16:06:16","modified_gmt":"2024-01-05T19:06:16","slug":"liquida-verao-chega-com-descontos-imperdiveis-no-comercio-de-ourinhos","status":"publish","type":"post","link":"https:\/\/noticiasregionais.com.br\/?p=1703","title":{"rendered":"Liquida Ver\u00e3o chega com descontos imperd\u00edveis no com\u00e9rcio de Ourinhos"},"content":{"rendered":"\n<p>De 06 a 20 de janeiro, acontece o Liquida Ver\u00e3o no com\u00e9rcio de Ourinhos. S\u00e3o promo\u00e7\u00f5es in\u00e9ditas e descontos grandiosos para que os consumidores tenham a oportunidade de \u00f3timas compras para curtir a nova esta\u00e7\u00e3o.<\/p>\n\n\n\n<p>A campanha promocional \u00e9 organizada pela Associa\u00e7\u00e3o Comercial e Empresarial de Ourinhos. \u201cApostar em promo\u00e7\u00f5es de ver\u00e3o \u00e9 uma das formas mais eficientes de estimular as vendas no primeiro trimestre do ano. Por isso, incentivamos nossos associados a participarem da iniciativa, que, com certeza, aquecer\u00e1 nosso com\u00e9rcio\u201d, destacou Robson Martuchi, presidente da ACE.<\/p>\n\n\n\n<p>O gerente regional do Sebrae de Ourinhos, Thiago Bueno Ferraz, ressaltou a import\u00e2ncia de campanhas como a Liquida Ver\u00e3o. \u201cEsse movimento iniciado pela Associa\u00e7\u00e3o Comercial de Ourinhos valoriza o com\u00e9rcio local e promove o desenvolvimento social, uma vez que o consumidor ajuda no fortalecimento dos pequenos neg\u00f3cios, gerando mais empregos e renda para a popula\u00e7\u00e3o\u201d.<\/p>\n\n\n\n<p>Ourinhos \u00e9 polo regional do com\u00e9rcio e atrai clientes de v\u00e1rias cidades. \u201cA Liquida Ver\u00e3o \u00e9 o momento ideal para os consumidores aproveitarem as ofertas. Os descontos s\u00e3o grandiosos e os produtos em promo\u00e7\u00e3o super diversificados. Queremos que tanto o com\u00e9rcio, quantos os clientes fiquem satisfeitos com a oportunidade\u201d, finalizou Robson Martuchi.<\/p>\n<input type=\"hidden\" id=\"baseurl\" value=\"https:\/\/noticiasregionais.com.br\"><input type=\"hidden\" id=\"audio_nonce\" value=\"533fbb67b1\">","protected":false},"excerpt":{"rendered":"<p>De 06 a 20 de janeiro, acontece o Liquida Ver\u00e3o no com\u00e9rcio de Ourinhos. S\u00e3o promo\u00e7\u00f5es in\u00e9ditas e descontos grandiosos&hellip;<\/p>\n","protected":false},"author":1,"featured_media":1704,"comment_status":"closed","ping_status":"open","sticky":false,"template":"","format":"standard","meta":{"sfsi_plus_gutenberg_text_before_share":"","sfsi_plus_gutenberg_show_text_before_share":"","sfsi_plus_gutenberg_icon_type":"","sfsi_plus_gutenberg_icon_alignemt":"","sfsi_plus_gutenburg_max_per_row":"","footnotes":""},"categories":[5,10,1],"tags":[],"class_list":["post-1703","post","type-post","status-publish","format-standard","has-post-thumbnail","hentry","category-ourinhos","category-destaques","category-noticias"],"_links":{"self":[{"href":"https:\/\/noticiasregionais.com.br\/index.php?rest_route=\/wp\/v2\/posts\/1703","targetHints":{"allow":["GET"]}}],"collection":[{"href":"https:\/\/noticiasregionais.com.br\/index.php?rest_route=\/wp\/v2\/posts"}],"about":[{"href":"https:\/\/noticiasregionais.com.br\/index.php?rest_route=\/wp\/v2\/types\/post"}],"author":[{"embeddable":true,"href":"https:\/\/noticiasregionais.com.br\/index.php?rest_route=\/wp\/v2\/users\/1"}],"replies":[{"embeddable":true,"href":"https:\/\/noticiasregionais.com.br\/index.php?rest_route=%2Fwp%2Fv2%2Fcomments&post=1703"}],"version-history":[{"count":1,"href":"https:\/\/noticiasregionais.com.br\/index.php?rest_route=\/wp\/v2\/posts\/1703\/revisions"}],"predecessor-version":[{"id":1705,"href":"https:\/\/noticiasregionais.com.br\/index.php?rest_route=\/wp\/v2\/posts\/1703\/revisions\/1705"}],"wp:featuredmedia":[{"embeddable":true,"href":"https:\/\/noticiasregionais.com.br\/index.php?rest_route=\/wp\/v2\/media\/1704"}],"wp:attachment":[{"href":"https:\/\/noticiasregionais.com.br\/index.php?rest_route=%2Fwp%2Fv2%2Fmedia&parent=1703"}],"wp:term":[{"taxonomy":"category","embeddable":true,"href":"https:\/\/noticiasregionais.com.br\/index.php?rest_route=%2Fwp%2Fv2%2Fcategories&post=1703"},{"taxonomy":"post_tag","embeddable":true,"href":"https:\/\/noticiasregionais.com.br\/index.php?rest_route=%2Fwp%2Fv2%2Ftags&post=1703"}],"curies":[{"name":"wp","href":"https:\/\/api.w.org\/{rel}","templated":true}]}}