{"id":1707,"date":"2024-01-09T07:37:26","date_gmt":"2024-01-09T10:37:26","guid":{"rendered":"https:\/\/noticiasregionais.com.br\/?p=1707"},"modified":"2024-01-09T07:37:29","modified_gmt":"2024-01-09T10:37:29","slug":"saneamento-sao-paulo-lidera-lista-com-avaliacao-positiva","status":"publish","type":"post","link":"https:\/\/noticiasregionais.com.br\/?p=1707","title":{"rendered":"Saneamento: S\u00e3o Paulo lidera lista com avalia\u00e7\u00e3o positiva"},"content":{"rendered":"\n<p class=\"has-text-align-center\"><strong>Estado apresentou melhores indicadores dos servi\u00e7os e atingiu metas previstas pelo Marco Legal do Saneamento, segundo pesquisa<\/strong><\/p>\n\n\n\n<p>S\u00e3o Paulo aparece no topo da lista com avalia\u00e7\u00e3o positiva na oferta de servi\u00e7os de saneamento b\u00e1sico. A \u00faltima pesquisa do Instituto Trata Brasil, em parceria com GO Associados, mostra na 15\u00aa edi\u00e7\u00e3o do Ranking do Saneamento uma an\u00e1lise dos indicadores do Sistema Nacional de Informa\u00e7\u00f5es sobre Saneamento (SNIS). Os dados s\u00e3o&nbsp;referentes ao ano de 2021, publicado pelo Minist\u00e9rio das Cidades.<\/p>\n\n\n\n<p>O levantamento mostra que somente 51,20% do volume gerado \u00e9 tratado \u2014 alguns estados tiveram&nbsp;avan\u00e7os na tentativa de alcan\u00e7ar as metas estabelecidas. A diretora e secret\u00e1ria executiva do Instituto Viva Cidades, Bia N\u00f3brega, reconhece que existem estados que est\u00e3o fazendo \u201co dever de casa\u201d.<\/p>\n\n\n\n<p>\u201cObviamente, a gente viu avan\u00e7os muito significativos quando a gente fala que at\u00e9 o final de 2022 a gente j\u00e1 tinha mais de 90 bilh\u00f5es de reais em investimentos assegurados e isso j\u00e1 \u00e9 muito significativo. Mas a gente ainda precisa caminhar para um rumo que realmente leve \u00e0 universaliza\u00e7\u00e3o em 2033, que ainda parece distante at\u00e9 mesmo com as pol\u00edticas que a gente tem\u201d, avalia.<\/p>\n\n\n\n<p>No Ranking de 2023, o estado de S\u00e3o Paulo aparece na frente. Em seguida&nbsp;est\u00e1 o Paran\u00e1, seguido por Minas Gerais, Rio de Janeiro, Tocantins, Para\u00edba, Bahia e Distrito Federal. A pesquisa ainda traz um destaque positivo, entre os melhores casos: pela primeira vez na s\u00e9rie hist\u00f3rica, um munic\u00edpio obteve nota m\u00e1xima em todas as dimens\u00f5es analisadas. Trata-se de S\u00e3o Jos\u00e9 do Rio Preto, cidade paulista que apresentou os indicadores dos servi\u00e7os b\u00e1sicos alinhados com as metas previstas pelo Marco Legal do Saneamento.<\/p>\n\n\n\n<h2 class=\"wp-block-heading\">Cen\u00e1rio precisa melhorar<\/h2>\n\n\n\n<p>Ainda que a pesquisa mostre&nbsp;que alguns estados e munic\u00edpios est\u00e3o caminhando para melhorar o cen\u00e1rio do saneamento b\u00e1sico no Brasil, os dados do SNIS apontam&nbsp;grandes dificuldades com o tratamento do esgoto. Para se ter ideia, mais de 5,5 mil piscinas ol\u00edmpicas de esgoto sem tratamento s\u00e3o despejadas na natureza diariamente.<\/p>\n\n\n\n<p>A presidente-executiva do Instituto Trata Brasil, Luana Pretto, diz que o Ranking do Saneamento funciona como um term\u00f4metro para as capitais brasileiras, como tamb\u00e9m para os munic\u00edpios nas \u00faltimas posi\u00e7\u00f5es.<\/p>\n\n\n\n<p>\u201cNesta edi\u00e7\u00e3o,&nbsp;\u00e9 observado que al\u00e9m da necessidade de os munic\u00edpios alcan\u00e7arem o acesso pleno do acesso \u00e0 \u00e1gua pot\u00e1vel e atendimento de coleta de esgoto, o tratamento dos esgotos \u00e9 o indicador que est\u00e1 mais distante da universaliza\u00e7\u00e3o nas cidades, mostrando-se o principal gargalo a ser superado\u201d, ressalta.<\/p>\n\n\n\n<p>A diretora e secret\u00e1ria executiva do Instituto Viva Cidades, Bia N\u00f3brega, endossa o posicionamento.&nbsp;\u201cA \u00fanica forma \u00e9 realmente entender como que a gente faz uma constru\u00e7\u00e3o melhor entre o p\u00fablico e o privado para que o investimento seja feito, para que a gente consiga otimizar essas obras e&nbsp;servi\u00e7os e consiga alcan\u00e7ar a popula\u00e7\u00e3o que precisa\u201d.<\/p>\n\n\n\n<h2 class=\"wp-block-heading\">Debate no Congresso Nacional<\/h2>\n\n\n\n<p>O assunto tamb\u00e9m est\u00e1 no radar do Congresso Nacional. A Comiss\u00e3o de Meio Ambiente do Senado acompanha o andamento da pol\u00edtica de saneamento no Brasil. O senador Conf\u00facio Moura (MDB-RO), membro do colegiado e autor do plano de trabalho para a avalia\u00e7\u00e3o da Pol\u00edtica Nacional de Saneamento B\u00e1sico, lamenta o Brasil ainda ter localidades&nbsp;sendo impactadas negativamente pela falta do acesso \u00e0 \u00e1gua pot\u00e1vel e, principalmente, por n\u00e3o terem atendimento digno de coleta e tratamento de esgoto.<\/p>\n\n\n\n<p>\u201cUma em cada duas pessoas sofre com problema de saneamento no Brasil. Uma em cada duas pessoas! 40 milh\u00f5es de fam\u00edlias brasileiros n\u00e3o t\u00eam banheiro em casa. Ent\u00e3o, voc\u00eas vejam a gravidade: 40 milh\u00f5es de brasileiros, fam\u00edlias que n\u00e3o t\u00eam banheiro\u201d, cita.<\/p>\n\n\n\n<p>Para Bia N\u00f3brega, existem caminhos que podem ser tra\u00e7ados. \u201cUm \u00e9 a gente entender que d\u00e1 para construir mais e modernizar o pr\u00f3prio marco do saneamento b\u00e1sico para que se aproveite o que tem de melhor de capacidade, seja no poder p\u00fablico, no&nbsp;poder privado. Principalmente para que a gente consiga olhar os desafios regionais que foram se estabelecendo e se tornando ainda mais palp\u00e1veis, ap\u00f3s o marco de saneamento b\u00e1sico, \u00e0 medida que as concess\u00f5es foram sendo feitas&#8221;.<\/p>\n\n\n\n<p>Ela acrescenta que&nbsp;as parcerias p\u00fablico-privadas podem gerar bons resultados. &#8220;Com isso, a gente realmente consegue procurar um caminho que mude esse cen\u00e1rio para que a universaliza\u00e7\u00e3o seja poss\u00edvel\u201d, completa.<br>&nbsp;<\/p>\n\n\n\n<p>Fonte: <a href=\"https:\/\/brasil61.com\/n\/saneamento-sao-paulo-lidera-lista-com-avaliacao-positiva-pind244453\" target=\"_blank\" rel=\"noreferrer noopener\">Brasil 61<\/a><\/p>\n<input type=\"hidden\" id=\"baseurl\" value=\"https:\/\/noticiasregionais.com.br\"><input type=\"hidden\" id=\"audio_nonce\" value=\"533fbb67b1\">","protected":false},"excerpt":{"rendered":"<p>Estado apresentou melhores indicadores dos servi\u00e7os e atingiu metas previstas pelo Marco Legal do Saneamento, segundo pesquisa S\u00e3o Paulo aparece&hellip;<\/p>\n","protected":false},"author":1,"featured_media":1708,"comment_status":"closed","ping_status":"open","sticky":false,"template":"","format":"standard","meta":{"sfsi_plus_gutenberg_text_before_share":"","sfsi_plus_gutenberg_show_text_before_share":"","sfsi_plus_gutenberg_icon_type":"","sfsi_plus_gutenberg_icon_alignemt":"","sfsi_plus_gutenburg_max_per_row":"","footnotes":""},"categories":[8,10,1],"tags":[],"class_list":["post-1707","post","type-post","status-publish","format-standard","has-post-thumbnail","hentry","category-brasil","category-destaques","category-noticias"],"_links":{"self":[{"href":"https:\/\/noticiasregionais.com.br\/index.php?rest_route=\/wp\/v2\/posts\/1707","targetHints":{"allow":["GET"]}}],"collection":[{"href":"https:\/\/noticiasregionais.com.br\/index.php?rest_route=\/wp\/v2\/posts"}],"about":[{"href":"https:\/\/noticiasregionais.com.br\/index.php?rest_route=\/wp\/v2\/types\/post"}],"author":[{"embeddable":true,"href":"https:\/\/noticiasregionais.com.br\/index.php?rest_route=\/wp\/v2\/users\/1"}],"replies":[{"embeddable":true,"href":"https:\/\/noticiasregionais.com.br\/index.php?rest_route=%2Fwp%2Fv2%2Fcomments&post=1707"}],"version-history":[{"count":1,"href":"https:\/\/noticiasregionais.com.br\/index.php?rest_route=\/wp\/v2\/posts\/1707\/revisions"}],"predecessor-version":[{"id":1709,"href":"https:\/\/noticiasregionais.com.br\/index.php?rest_route=\/wp\/v2\/posts\/1707\/revisions\/1709"}],"wp:featuredmedia":[{"embeddable":true,"href":"https:\/\/noticiasregionais.com.br\/index.php?rest_route=\/wp\/v2\/media\/1708"}],"wp:attachment":[{"href":"https:\/\/noticiasregionais.com.br\/index.php?rest_route=%2Fwp%2Fv2%2Fmedia&parent=1707"}],"wp:term":[{"taxonomy":"category","embeddable":true,"href":"https:\/\/noticiasregionais.com.br\/index.php?rest_route=%2Fwp%2Fv2%2Fcategories&post=1707"},{"taxonomy":"post_tag","embeddable":true,"href":"https:\/\/noticiasregionais.com.br\/index.php?rest_route=%2Fwp%2Fv2%2Ftags&post=1707"}],"curies":[{"name":"wp","href":"https:\/\/api.w.org\/{rel}","templated":true}]}}