{"id":1710,"date":"2024-01-09T07:43:46","date_gmt":"2024-01-09T10:43:46","guid":{"rendered":"https:\/\/noticiasregionais.com.br\/?p=1710"},"modified":"2024-01-09T07:43:58","modified_gmt":"2024-01-09T10:43:58","slug":"banco-do-povo-orienta-empreendedores-a-respeito-de-cobrancas-de-debitos","status":"publish","type":"post","link":"https:\/\/noticiasregionais.com.br\/?p=1710","title":{"rendered":"Banco do Povo orienta empreendedores a respeito de cobran\u00e7as de d\u00e9bitos"},"content":{"rendered":"\n<p>O Banco do Povo de Ourinhos vem orientar aos empreendedores e conveniados que a Desenvolve SP, possui apenas tr\u00eas escrit\u00f3rios conveniados que est\u00e3o autorizados a realizar as cobran\u00e7as de d\u00e9bitos relacionados ao Banco do Povo Paulista, e formalizar acordos.<\/p>\n\n\n\n<p>Qualquer cobran\u00e7a recebida que n\u00e3o tenha sido feita por um desses escrit\u00f3rios pode ser fraude.<\/p>\n\n\n\n<p>SHCAIRA ADVOGADOS ASSOCIADOS<\/p>\n\n\n\n<p>Advogado: Carlos Monteiro<\/p>\n\n\n\n<p>Telefones: (19) 3514-7000\/ (19) 3514-7016<\/p>\n\n\n\n<p>NELSON WILIANS ADVOGADOS<\/p>\n\n\n\n<p>Advogada: D\u00e9bora Barbosa<\/p>\n\n\n\n<p>telefone: (67) 3056-8050<\/p>\n\n\n\n<p>Advogada: Patricia Rezende<\/p>\n\n\n\n<p>telefone: (67) 3056-8050<\/p>\n\n\n\n<p>Advogado: Thiago Rezende<\/p>\n\n\n\n<p>telefone: (67) 3056-8050<\/p>\n\n\n\n<p>FERREIRA E CHAGAS ADVOGADOS<\/p>\n\n\n\n<p>Advogada: Ana Paula Pacini<\/p>\n\n\n\n<p>telefone: (11) 3614-4900<\/p>\n\n\n\n<p>Advogado: Bruno Paula<\/p>\n\n\n\n<p>telefone: (11) 3614-4900<\/p>\n\n\n\n<p>Advogada: Marina da Rocha e Silva<\/p>\n\n\n\n<p>telefone: (11) 3614-4900<\/p>\n\n\n\n<p>Advogada: Renata Lidiane da Silva<\/p>\n\n\n\n<p>telefone: (11) 3614-4900<\/p>\n\n\n\n<p>Advogado: Evandro Noleto<\/p>\n\n\n\n<p>telefone: (11) 3614-4900<\/p>\n\n\n\n<p>Qualquer d\u00favida ao receber uma carta de cobran\u00e7a, entre em contato com o Banco do Povo de Ourinhos pelo WhatsApp (14) 99676-7306 ou pelo telefone (14) 3302-1450. O Banco funciona de segunda a sexta, das 08h \u00e0s 17h, na sede da Secretaria Municipal de Desenvolvimento Econ\u00f4mico, Trabalho e Turismo, localizada na Rua Cardoso Ribeiro, 290, Centro.<\/p>\n<input type=\"hidden\" id=\"baseurl\" value=\"https:\/\/noticiasregionais.com.br\"><input type=\"hidden\" id=\"audio_nonce\" value=\"533fbb67b1\">","protected":false},"excerpt":{"rendered":"<p>O Banco do Povo de Ourinhos vem orientar aos empreendedores e conveniados que a Desenvolve SP, possui apenas tr\u00eas escrit\u00f3rios&hellip;<\/p>\n","protected":false},"author":1,"featured_media":1711,"comment_status":"closed","ping_status":"open","sticky":false,"template":"","format":"standard","meta":{"sfsi_plus_gutenberg_text_before_share":"","sfsi_plus_gutenberg_show_text_before_share":"","sfsi_plus_gutenberg_icon_type":"","sfsi_plus_gutenberg_icon_alignemt":"","sfsi_plus_gutenburg_max_per_row":"","footnotes":""},"categories":[5,10,1],"tags":[],"class_list":["post-1710","post","type-post","status-publish","format-standard","has-post-thumbnail","hentry","category-ourinhos","category-destaques","category-noticias"],"_links":{"self":[{"href":"https:\/\/noticiasregionais.com.br\/index.php?rest_route=\/wp\/v2\/posts\/1710","targetHints":{"allow":["GET"]}}],"collection":[{"href":"https:\/\/noticiasregionais.com.br\/index.php?rest_route=\/wp\/v2\/posts"}],"about":[{"href":"https:\/\/noticiasregionais.com.br\/index.php?rest_route=\/wp\/v2\/types\/post"}],"author":[{"embeddable":true,"href":"https:\/\/noticiasregionais.com.br\/index.php?rest_route=\/wp\/v2\/users\/1"}],"replies":[{"embeddable":true,"href":"https:\/\/noticiasregionais.com.br\/index.php?rest_route=%2Fwp%2Fv2%2Fcomments&post=1710"}],"version-history":[{"count":1,"href":"https:\/\/noticiasregionais.com.br\/index.php?rest_route=\/wp\/v2\/posts\/1710\/revisions"}],"predecessor-version":[{"id":1712,"href":"https:\/\/noticiasregionais.com.br\/index.php?rest_route=\/wp\/v2\/posts\/1710\/revisions\/1712"}],"wp:featuredmedia":[{"embeddable":true,"href":"https:\/\/noticiasregionais.com.br\/index.php?rest_route=\/wp\/v2\/media\/1711"}],"wp:attachment":[{"href":"https:\/\/noticiasregionais.com.br\/index.php?rest_route=%2Fwp%2Fv2%2Fmedia&parent=1710"}],"wp:term":[{"taxonomy":"category","embeddable":true,"href":"https:\/\/noticiasregionais.com.br\/index.php?rest_route=%2Fwp%2Fv2%2Fcategories&post=1710"},{"taxonomy":"post_tag","embeddable":true,"href":"https:\/\/noticiasregionais.com.br\/index.php?rest_route=%2Fwp%2Fv2%2Ftags&post=1710"}],"curies":[{"name":"wp","href":"https:\/\/api.w.org\/{rel}","templated":true}]}}