{"id":172,"date":"2023-09-02T21:17:55","date_gmt":"2023-09-03T00:17:55","guid":{"rendered":"https:\/\/noticiasregionais.com.br\/?p=172"},"modified":"2023-09-02T21:17:55","modified_gmt":"2023-09-03T00:17:55","slug":"kayky-brito-esta-sedado-e-intubado-na-uti-informa-hospital","status":"publish","type":"post","link":"https:\/\/noticiasregionais.com.br\/?p=172","title":{"rendered":"Kayky Brito est\u00e1 sedado e intubado na UTI, informa hospital"},"content":{"rendered":"\n<p>Kayky Brito, 34 anos, atropelado na madrugada deste s\u00e1bado (2) na Barra da Tijuca, zona oeste do Rio de Janeiro, est\u00e1 sedado e em ventila\u00e7\u00e3o mec\u00e2nica, segundo boletim m\u00e9dico divulgado pelo Hospital Copa D&#8217;Or, onde ele est\u00e1 internado, e deve permanecer na UTI (Unidade de Terapia Intensiva).<\/p>\n\n\n\n<p>&#8220;O paciente Kayky Fernandes de Brito foi admitido nessa tarde no Hospital Copa D&#8217;Or, v\u00edtima de politraumatismos. Nesse momento, encontra-se sedado e em ventila\u00e7\u00e3o mec\u00e2nica. Ele dever\u00e1 permanecer sob cuidados na UTI&#8221;, informou.<\/p>\n\n\n\n<p>Inicialmente, Kayky Brito foi encaminhado para o Hospital Miguel Couto, no Leblon, onde recebeu os atendimentos iniciais e foi submetidos aos primeiros exames. O artista foi diagnosticado com politraumatismo e traumatismo cranioencef\u00e1lico. O estado de sa\u00fade dele \u00e9 considerado &#8220;grave&#8221;, mas o famoso est\u00e1 &#8220;est\u00e1vel&#8221;, segundo informou seu empres\u00e1rio, Diego Senro.<\/p>\n\n\n\n<p>O artista foi atropelado na altura do posto 6 da Barra da Tijuca. Na ocasi\u00e3o, ele estava acompanhado por amigos, entre os quais o ator e apresentador Bruno de Luca. Brito deixou o local para ir at\u00e9 seu carro e, na volta, foi atingido pelo ve\u00edculo &#8211; imagens das c\u00e2meras de seguran\u00e7a mostraram o momento do acidente.<\/p>\n\n\n\n<p>A reportagem apurou que o motorista, identificado como Diones da Silva, alegou que o ator apareceu &#8220;repentinamente correndo&#8221; no meio da pista. Ele tentou desviar, mas n\u00e3o conseguiu evitar a colis\u00e3o. O teste de embriaguez constatou que o motorista n\u00e3o estava alcoolizado.<\/p>\n\n\n\n<p><strong>IRM\u00c3 DO ATOR CHOROU<\/strong><\/p>\n\n\n\n<p>A irm\u00e3 do ator, Stephany Brito, deixou o Hospital Miguel Couto acompanhada pelo pai, Joseph Brito. Visivelmente abalada, Stephany chorou e disse aos jornalistas que estavam no local que n\u00e3o tem muito a dizer no momento, mas agradeceu pelas ora\u00e7\u00f5es.<\/p>\n\n\n\n<p>&#8220;N\u00e3o posso falar nada agora. Queria agradecer as ora\u00e7\u00f5es. Ele \u00e9 um gigante. Daqui a pouco \u00e9 ele que vai estar falando aqui com voc\u00eas&#8221;, declarou.<\/p>\n\n\n\n<p>O ator Alexandre Slaviero tamb\u00e9m esteve no hospital. Slaviero estava bem abatido e disse que em respeito \u00e0 fam\u00edlia n\u00e3o pode falar nada, s\u00f3 que o momento \u00e9 &#8220;positivo&#8221;.<\/p>\n\n\n\n<p>O acidente com Kayky acontece cerca de um m\u00eas ap\u00f3s os pais do artista tamb\u00e9m sofrerem um acidente. No final de julho, a m\u00e3e e o padrasto do ator precisaram ser internados &#8211; ela at\u00e9 passou por uma cirurgia.<\/p>\n\n\n\n<p>O ator \u00e9 pai de Kael, de 1 ano e 8 meses. O beb\u00ea \u00e9 fruto da rela\u00e7\u00e3o com a jornalista Tamara Dalcanale.<\/p>\n\n\n\n<p>Entre seus principais papeis na TV est\u00e3o a Bernadete, de &#8220;Chocolate com Pimenta&#8221; (2003) e o Zeca de &#8220;O Beijo do Vampiro&#8221; (2002).<\/p>\n\n\n\n<p>fonte: Sampi \/ Folhapress<\/p>\n<input type=\"hidden\" id=\"baseurl\" value=\"https:\/\/noticiasregionais.com.br\"><input type=\"hidden\" id=\"audio_nonce\" value=\"533fbb67b1\">","protected":false},"excerpt":{"rendered":"<p>Kayky Brito, 34 anos, atropelado na madrugada deste s\u00e1bado (2) na Barra da Tijuca, zona oeste do Rio de Janeiro,&hellip;<\/p>\n","protected":false},"author":1,"featured_media":173,"comment_status":"closed","ping_status":"open","sticky":false,"template":"","format":"standard","meta":{"sfsi_plus_gutenberg_text_before_share":"","sfsi_plus_gutenberg_show_text_before_share":"","sfsi_plus_gutenberg_icon_type":"","sfsi_plus_gutenberg_icon_alignemt":"","sfsi_plus_gutenburg_max_per_row":"","footnotes":""},"categories":[8,10,1],"tags":[],"class_list":["post-172","post","type-post","status-publish","format-standard","has-post-thumbnail","hentry","category-brasil","category-destaques","category-noticias"],"_links":{"self":[{"href":"https:\/\/noticiasregionais.com.br\/index.php?rest_route=\/wp\/v2\/posts\/172","targetHints":{"allow":["GET"]}}],"collection":[{"href":"https:\/\/noticiasregionais.com.br\/index.php?rest_route=\/wp\/v2\/posts"}],"about":[{"href":"https:\/\/noticiasregionais.com.br\/index.php?rest_route=\/wp\/v2\/types\/post"}],"author":[{"embeddable":true,"href":"https:\/\/noticiasregionais.com.br\/index.php?rest_route=\/wp\/v2\/users\/1"}],"replies":[{"embeddable":true,"href":"https:\/\/noticiasregionais.com.br\/index.php?rest_route=%2Fwp%2Fv2%2Fcomments&post=172"}],"version-history":[{"count":1,"href":"https:\/\/noticiasregionais.com.br\/index.php?rest_route=\/wp\/v2\/posts\/172\/revisions"}],"predecessor-version":[{"id":174,"href":"https:\/\/noticiasregionais.com.br\/index.php?rest_route=\/wp\/v2\/posts\/172\/revisions\/174"}],"wp:featuredmedia":[{"embeddable":true,"href":"https:\/\/noticiasregionais.com.br\/index.php?rest_route=\/wp\/v2\/media\/173"}],"wp:attachment":[{"href":"https:\/\/noticiasregionais.com.br\/index.php?rest_route=%2Fwp%2Fv2%2Fmedia&parent=172"}],"wp:term":[{"taxonomy":"category","embeddable":true,"href":"https:\/\/noticiasregionais.com.br\/index.php?rest_route=%2Fwp%2Fv2%2Fcategories&post=172"},{"taxonomy":"post_tag","embeddable":true,"href":"https:\/\/noticiasregionais.com.br\/index.php?rest_route=%2Fwp%2Fv2%2Ftags&post=172"}],"curies":[{"name":"wp","href":"https:\/\/api.w.org\/{rel}","templated":true}]}}