{"id":1722,"date":"2024-01-09T10:20:12","date_gmt":"2024-01-09T13:20:12","guid":{"rendered":"https:\/\/noticiasregionais.com.br\/?p=1722"},"modified":"2024-01-09T10:21:09","modified_gmt":"2024-01-09T13:21:09","slug":"gabarito-oficial-do-vestibular-das-fatecs-ja-pode-ser-consultado","status":"publish","type":"post","link":"https:\/\/noticiasregionais.com.br\/?p=1722","title":{"rendered":"Gabarito oficial do Vestibular das Fatecs j\u00e1 pode ser consultado"},"content":{"rendered":"\n<p class=\"has-text-align-center\"><strong>Respostas da prova estar\u00e3o na internet a partir das 15h; lista de classificados e primeira chamada para matr\u00edcula ser\u00e3o divulgadas no dia 19<\/strong><\/p>\n\n\n\n<p>Desde as 15h desta segunda-feira (8), est\u00e1 dispon\u00edvel nos sites&nbsp;<a href=\"https:\/\/www.vestibularfatec.com.br\/home\/\" target=\"_blank\" rel=\"noreferrer noopener\">www.vestibularfatec.com.br<\/a>&nbsp;e&nbsp;<a href=\"https:\/\/www.cps.sp.gov.br\/\" target=\"_blank\" rel=\"noreferrer noopener\">www.cps.sp.gov.br<\/a>&nbsp;o gabarito oficial do processo seletivo das Faculdades de Tecnologia do Estado (<a href=\"https:\/\/www.cps.sp.gov.br\/fatec\/\" target=\"_blank\" rel=\"noreferrer noopener\">Fatecs<\/a>) para o primeiro semestre de 2024. No dia 19 ser\u00e3o divulgadas as listas de classifica\u00e7\u00e3o geral e a primeira convoca\u00e7\u00e3o para matr\u00edculas, tamb\u00e9m pela internet.<\/p>\n\n\n\n<p>Ontem, mais de 60 mil vestibulandos fizeram o exame, que contou com 54 quest\u00f5es de m\u00faltipla escolha e uma reda\u00e7\u00e3o. O candidato que tiver algum questionamento a respeito da prova, poder\u00e1 encaminhar a pergunta ao Fale Conosco do\u00a0<a href=\"http:\/\/www.vestibularfatec.com.br\/\" target=\"_blank\" rel=\"noreferrer noopener\">site<\/a>\u00a0oficial, com a devida justificativa e proposta de resolu\u00e7\u00e3o, at\u00e9 hoje (9), \u00e0s 15 horas.<\/p>\n\n\n\n<p><strong>Divulga\u00e7\u00e3o dos resultados<\/strong><\/p>\n\n\n\n<p>Para a classifica\u00e7\u00e3o geral, ser\u00e3o consideradas as notas finais em ordem decrescente, de acordo com a op\u00e7\u00e3o de curso, per\u00edodo e unidade. A rela\u00e7\u00e3o inclui todos os candidatos inscritos no processo seletivo. J\u00e1 a chamada para matr\u00edculas \u00e9 feita com base na classifica\u00e7\u00e3o, at\u00e9 o limite de vagas oferecidas. No dia 19, ambas as listas estar\u00e3o na&nbsp;<a href=\"http:\/\/www.vestibularfatec.com.br\/\" target=\"_blank\" rel=\"noreferrer noopener\">internet<\/a>, onde tamb\u00e9m \u00e9 poss\u00edvel encontrar o cronograma completo do Vestibular.<\/p>\n<input type=\"hidden\" id=\"baseurl\" value=\"https:\/\/noticiasregionais.com.br\"><input type=\"hidden\" id=\"audio_nonce\" value=\"533fbb67b1\">","protected":false},"excerpt":{"rendered":"<p>Respostas da prova estar\u00e3o na internet a partir das 15h; lista de classificados e primeira chamada para matr\u00edcula ser\u00e3o divulgadas&hellip;<\/p>\n","protected":false},"author":1,"featured_media":1723,"comment_status":"closed","ping_status":"open","sticky":false,"template":"","format":"standard","meta":{"sfsi_plus_gutenberg_text_before_share":"","sfsi_plus_gutenberg_show_text_before_share":"","sfsi_plus_gutenberg_icon_type":"","sfsi_plus_gutenberg_icon_alignemt":"","sfsi_plus_gutenburg_max_per_row":"","footnotes":""},"categories":[6,10,1],"tags":[],"class_list":["post-1722","post","type-post","status-publish","format-standard","has-post-thumbnail","hentry","category-sao_paulo","category-destaques","category-noticias"],"_links":{"self":[{"href":"https:\/\/noticiasregionais.com.br\/index.php?rest_route=\/wp\/v2\/posts\/1722","targetHints":{"allow":["GET"]}}],"collection":[{"href":"https:\/\/noticiasregionais.com.br\/index.php?rest_route=\/wp\/v2\/posts"}],"about":[{"href":"https:\/\/noticiasregionais.com.br\/index.php?rest_route=\/wp\/v2\/types\/post"}],"author":[{"embeddable":true,"href":"https:\/\/noticiasregionais.com.br\/index.php?rest_route=\/wp\/v2\/users\/1"}],"replies":[{"embeddable":true,"href":"https:\/\/noticiasregionais.com.br\/index.php?rest_route=%2Fwp%2Fv2%2Fcomments&post=1722"}],"version-history":[{"count":2,"href":"https:\/\/noticiasregionais.com.br\/index.php?rest_route=\/wp\/v2\/posts\/1722\/revisions"}],"predecessor-version":[{"id":1726,"href":"https:\/\/noticiasregionais.com.br\/index.php?rest_route=\/wp\/v2\/posts\/1722\/revisions\/1726"}],"wp:featuredmedia":[{"embeddable":true,"href":"https:\/\/noticiasregionais.com.br\/index.php?rest_route=\/wp\/v2\/media\/1723"}],"wp:attachment":[{"href":"https:\/\/noticiasregionais.com.br\/index.php?rest_route=%2Fwp%2Fv2%2Fmedia&parent=1722"}],"wp:term":[{"taxonomy":"category","embeddable":true,"href":"https:\/\/noticiasregionais.com.br\/index.php?rest_route=%2Fwp%2Fv2%2Fcategories&post=1722"},{"taxonomy":"post_tag","embeddable":true,"href":"https:\/\/noticiasregionais.com.br\/index.php?rest_route=%2Fwp%2Fv2%2Ftags&post=1722"}],"curies":[{"name":"wp","href":"https:\/\/api.w.org\/{rel}","templated":true}]}}