{"id":1727,"date":"2024-01-09T14:58:02","date_gmt":"2024-01-09T17:58:02","guid":{"rendered":"https:\/\/noticiasregionais.com.br\/?p=1727"},"modified":"2024-01-09T14:58:14","modified_gmt":"2024-01-09T17:58:14","slug":"operacao-resulta-na-prisao-de-trio-transportando-eletronicos-contrabandeados-do-paraguai","status":"publish","type":"post","link":"https:\/\/noticiasregionais.com.br\/?p=1727","title":{"rendered":"Opera\u00e7\u00e3o resulta na pris\u00e3o de trio transportando eletr\u00f4nicos contrabandeados do Paraguai"},"content":{"rendered":"\n<p>Na manh\u00e3 desta ter\u00e7a-feira, a Pol\u00edcia Militar Rodovi\u00e1ria, por meio da Opera\u00e7\u00e3o Impacto, realizou uma a\u00e7\u00e3o que resultou na pris\u00e3o de tr\u00eas indiv\u00edduos que estavam transportando uma grande quantidade de produtos eletr\u00f4nicos, todos provenientes do Paraguai e desprovidos de nota fiscal. O flagrante ocorreu na Rodovia Vereador Miguel Deliberador, SP-421, Km. 56+800, no sentido Leste, pr\u00f3ximo a Paragua\u00e7u Paulista\/SP.<\/p>\n\n\n\n<p>A abordagem foi realizada pelo 1\u00b0 Pelot\u00e3o da 3\u00aa Companhia do 2\u00ba Batalh\u00e3o de Pol\u00edcia Militar Rodovi\u00e1ria. Durante a fiscaliza\u00e7\u00e3o, os policiais notaram comportamento suspeito em um ve\u00edculo GM Astral, de cor preta, com placas do munic\u00edpio de Assis\/SP. Ao procederem com a busca veicular minuciosa, os agentes encontraram diversos produtos eletr\u00f4nicos que levantaram suspeitas sobre sua origem.<\/p>\n\n\n\n<p>O condutor do ve\u00edculo, um homem de 31 anos, admitiu que havia vindo do Paraguai e tinha como destino a cidade de Mar\u00edlia\/SP. Diante dessa informa\u00e7\u00e3o e fortalecida a suspeita, os policiais aprofundaram a busca, resultando na descoberta de v\u00e1rios produtos eletr\u00f4nicos escondidos no porta-malas do ve\u00edculo.<\/p>\n\n\n\n<p>Considerando a flagrante irregularidade, os infratores foram detidos em flagrante delito pelos crimes de contrabando e descaminho. A ocorr\u00eancia foi encaminhada para a Pol\u00edcia Federal de Mar\u00edlia\/SP, respons\u00e1vel pela condu\u00e7\u00e3o do caso. Vale ressaltar que os dados s\u00e3o preliminares e a ocorr\u00eancia est\u00e1 em andamento, sujeita a altera\u00e7\u00f5es.<\/p>\n\n\n\n<p>A a\u00e7\u00e3o da Pol\u00edcia Militar Rodovi\u00e1ria refor\u00e7a o compromisso das for\u00e7as de seguran\u00e7a no combate ao contrabando e ao tr\u00e1fico de produtos il\u00edcitos, contribuindo para a manuten\u00e7\u00e3o da ordem e seguran\u00e7a nas estradas do estado de S\u00e3o Paulo.<\/p>\n<input type=\"hidden\" id=\"baseurl\" value=\"https:\/\/noticiasregionais.com.br\"><input type=\"hidden\" id=\"audio_nonce\" value=\"533fbb67b1\">","protected":false},"excerpt":{"rendered":"<p>Na manh\u00e3 desta ter\u00e7a-feira, a Pol\u00edcia Militar Rodovi\u00e1ria, por meio da Opera\u00e7\u00e3o Impacto, realizou uma a\u00e7\u00e3o que resultou na pris\u00e3o&hellip;<\/p>\n","protected":false},"author":1,"featured_media":1728,"comment_status":"closed","ping_status":"open","sticky":false,"template":"","format":"standard","meta":{"sfsi_plus_gutenberg_text_before_share":"","sfsi_plus_gutenberg_show_text_before_share":"","sfsi_plus_gutenberg_icon_type":"","sfsi_plus_gutenberg_icon_alignemt":"","sfsi_plus_gutenburg_max_per_row":"","footnotes":""},"categories":[6,10,1],"tags":[],"class_list":["post-1727","post","type-post","status-publish","format-standard","has-post-thumbnail","hentry","category-sao_paulo","category-destaques","category-noticias"],"_links":{"self":[{"href":"https:\/\/noticiasregionais.com.br\/index.php?rest_route=\/wp\/v2\/posts\/1727","targetHints":{"allow":["GET"]}}],"collection":[{"href":"https:\/\/noticiasregionais.com.br\/index.php?rest_route=\/wp\/v2\/posts"}],"about":[{"href":"https:\/\/noticiasregionais.com.br\/index.php?rest_route=\/wp\/v2\/types\/post"}],"author":[{"embeddable":true,"href":"https:\/\/noticiasregionais.com.br\/index.php?rest_route=\/wp\/v2\/users\/1"}],"replies":[{"embeddable":true,"href":"https:\/\/noticiasregionais.com.br\/index.php?rest_route=%2Fwp%2Fv2%2Fcomments&post=1727"}],"version-history":[{"count":1,"href":"https:\/\/noticiasregionais.com.br\/index.php?rest_route=\/wp\/v2\/posts\/1727\/revisions"}],"predecessor-version":[{"id":1729,"href":"https:\/\/noticiasregionais.com.br\/index.php?rest_route=\/wp\/v2\/posts\/1727\/revisions\/1729"}],"wp:featuredmedia":[{"embeddable":true,"href":"https:\/\/noticiasregionais.com.br\/index.php?rest_route=\/wp\/v2\/media\/1728"}],"wp:attachment":[{"href":"https:\/\/noticiasregionais.com.br\/index.php?rest_route=%2Fwp%2Fv2%2Fmedia&parent=1727"}],"wp:term":[{"taxonomy":"category","embeddable":true,"href":"https:\/\/noticiasregionais.com.br\/index.php?rest_route=%2Fwp%2Fv2%2Fcategories&post=1727"},{"taxonomy":"post_tag","embeddable":true,"href":"https:\/\/noticiasregionais.com.br\/index.php?rest_route=%2Fwp%2Fv2%2Ftags&post=1727"}],"curies":[{"name":"wp","href":"https:\/\/api.w.org\/{rel}","templated":true}]}}