{"id":1730,"date":"2024-01-10T13:17:23","date_gmt":"2024-01-10T16:17:23","guid":{"rendered":"https:\/\/noticiasregionais.com.br\/?p=1730"},"modified":"2024-01-10T13:18:02","modified_gmt":"2024-01-10T16:18:02","slug":"individuo-ateia-fogo-em-viatura-policial-por-atraso-em-pensao-alimenticia-acabou-preso","status":"publish","type":"post","link":"https:\/\/noticiasregionais.com.br\/?p=1730","title":{"rendered":"Indiv\u00edduo ateia fogo em viatura policial por atraso em pens\u00e3o aliment\u00edcia e acaba preso"},"content":{"rendered":"\n<p class=\"has-text-align-center\"><strong>Pr\u00f3ximo \u00e0 viatura incendiada, os policiais encontraram uma garrafa pet contendo resqu\u00edcios de gasolina, que teria sido utilizada para iniciar o inc\u00eandio.<\/strong><\/p>\n\n\n\n<p>No dia 9 de janeiro de 2024, por volta das 16h30min, uma ocorr\u00eancia inusitada chamou a aten\u00e7\u00e3o dos moradores de Santo Ant\u00f4nio da Platina, no Paran\u00e1. Policiais Militares da 4\u00aa Companhia foram surpreendidos com um ato de vandalismo quando receberam a informa\u00e7\u00e3o de que uma viatura policial estava em chamas na Rua Rui Barbosa, Centro da cidade.<\/p>\n\n\n\n<p>A r\u00e1pida a\u00e7\u00e3o dos policiais foi fundamental para conter o inc\u00eandio, que teve in\u00edcio em uma viatura estacionada pr\u00f3ximo \u00e0 sede da 4\u00aa Companhia PM. Utilizando um extintor, os agentes conseguiram extinguir as chamas antes que se alastrassem e causassem danos maiores.<\/p>\n\n\n\n<p>A identidade do elemento n\u00e3o foi divulgado pelas autoridades. Ele empreendeu fuga logo ap\u00f3s atear fogo ao ve\u00edculo policial. Contudo, os policiais iniciaram imediatamente a persegui\u00e7\u00e3o e conseguiram capturar o suspeito nas proximidades do local do incidente.<\/p>\n\n\n\n<p>Surpreendentemente, o motivo alegado pelo indiv\u00edduo para o ato criminoso foi um d\u00e9bito de pens\u00e3o aliment\u00edcia que j\u00e1 perdurava por nove meses. <\/p>\n\n\n\n<p>Pr\u00f3ximo \u00e0 viatura incendiada, os policiais encontraram uma garrafa pet contendo resqu\u00edcios de gasolina, que teria sido utilizada para iniciar o inc\u00eandio. O suspeito foi imediatamente detido e conduzido \u00e0 Delegacia de Pol\u00edcia para prestar depoimento e responder por seu ato criminoso.<\/p>\n\n\n\n<p>O suspeito dever\u00e1 responder por crime de dano ao patrim\u00f4nio p\u00fablico, al\u00e9m de enfrentar as consequ\u00eancias legais relacionadas ao d\u00e9bito de pens\u00e3o aliment\u00edcia. A Pol\u00edcia Civil conduzir\u00e1 as investiga\u00e7\u00f5es para esclarecer completamente o caso e garantir a responsabiliza\u00e7\u00e3o do indiv\u00edduo pelos seus atos. <\/p>\n<input type=\"hidden\" id=\"baseurl\" value=\"https:\/\/noticiasregionais.com.br\"><input type=\"hidden\" id=\"audio_nonce\" value=\"533fbb67b1\">","protected":false},"excerpt":{"rendered":"<p>Pr\u00f3ximo \u00e0 viatura incendiada, os policiais encontraram uma garrafa pet contendo resqu\u00edcios de gasolina, que teria sido utilizada para iniciar&hellip;<\/p>\n","protected":false},"author":1,"featured_media":1732,"comment_status":"closed","ping_status":"open","sticky":false,"template":"","format":"standard","meta":{"sfsi_plus_gutenberg_text_before_share":"","sfsi_plus_gutenberg_show_text_before_share":"","sfsi_plus_gutenberg_icon_type":"","sfsi_plus_gutenberg_icon_alignemt":"","sfsi_plus_gutenburg_max_per_row":"","footnotes":""},"categories":[7,12,1],"tags":[],"class_list":["post-1730","post","type-post","status-publish","format-standard","has-post-thumbnail","hentry","category-parana","category-capa","category-noticias"],"_links":{"self":[{"href":"https:\/\/noticiasregionais.com.br\/index.php?rest_route=\/wp\/v2\/posts\/1730","targetHints":{"allow":["GET"]}}],"collection":[{"href":"https:\/\/noticiasregionais.com.br\/index.php?rest_route=\/wp\/v2\/posts"}],"about":[{"href":"https:\/\/noticiasregionais.com.br\/index.php?rest_route=\/wp\/v2\/types\/post"}],"author":[{"embeddable":true,"href":"https:\/\/noticiasregionais.com.br\/index.php?rest_route=\/wp\/v2\/users\/1"}],"replies":[{"embeddable":true,"href":"https:\/\/noticiasregionais.com.br\/index.php?rest_route=%2Fwp%2Fv2%2Fcomments&post=1730"}],"version-history":[{"count":2,"href":"https:\/\/noticiasregionais.com.br\/index.php?rest_route=\/wp\/v2\/posts\/1730\/revisions"}],"predecessor-version":[{"id":1734,"href":"https:\/\/noticiasregionais.com.br\/index.php?rest_route=\/wp\/v2\/posts\/1730\/revisions\/1734"}],"wp:featuredmedia":[{"embeddable":true,"href":"https:\/\/noticiasregionais.com.br\/index.php?rest_route=\/wp\/v2\/media\/1732"}],"wp:attachment":[{"href":"https:\/\/noticiasregionais.com.br\/index.php?rest_route=%2Fwp%2Fv2%2Fmedia&parent=1730"}],"wp:term":[{"taxonomy":"category","embeddable":true,"href":"https:\/\/noticiasregionais.com.br\/index.php?rest_route=%2Fwp%2Fv2%2Fcategories&post=1730"},{"taxonomy":"post_tag","embeddable":true,"href":"https:\/\/noticiasregionais.com.br\/index.php?rest_route=%2Fwp%2Fv2%2Ftags&post=1730"}],"curies":[{"name":"wp","href":"https:\/\/api.w.org\/{rel}","templated":true}]}}