{"id":1738,"date":"2024-01-10T13:43:30","date_gmt":"2024-01-10T16:43:30","guid":{"rendered":"https:\/\/noticiasregionais.com.br\/?p=1738"},"modified":"2024-01-10T15:10:28","modified_gmt":"2024-01-10T18:10:28","slug":"operacao-conjunta-resulta-na-prisao-de-suspeita-por-trafico-de-drogas-em-espirito-santo-do-turvo-sp","status":"publish","type":"post","link":"https:\/\/noticiasregionais.com.br\/?p=1738","title":{"rendered":"Opera\u00e7\u00e3o Conjunta Resulta na Pris\u00e3o de Suspeita por Tr\u00e1fico de Drogas em Esp\u00edrito Santo do Turvo-SP"},"content":{"rendered":"\n<p>No dia 10 de janeiro de 2024, uma opera\u00e7\u00e3o conjunta envolvendo a Equipe K9 do 13\u00ba Batalh\u00e3o de A\u00e7\u00f5es Especiais da Pol\u00edcia Militar (BAEP), com Apoio da 2\u00aa Companhia da PM do 31\u00b0 Batalh\u00e3o da Pol\u00edcia Militar do Interior (BPM\/I) e a Pol\u00edcia Civil resultou na pris\u00e3o de Edn\u00e9ia I.B., de 51 anos, por tr\u00e1fico de drogas.<\/p>\n\n\n\n<p>A a\u00e7\u00e3o teve como cen\u00e1rio a Rua Jos\u00e9 Afonso do Nascimento no Centro de Esp\u00edrito Santo do Turvo-SP, e teve in\u00edcio \u00e0s 08h12. Durante o cumprimento de um mandado de busca e apreens\u00e3o, a equipe empregou um c\u00e3o farejador da unidade K9 do 13\u00ba BAEP. O animal indicou alguns pontos espec\u00edficos no local, levando \u00e0 descoberta e apreens\u00e3o de expressiva quantidade de entorpecentes. Ao todo, foram confiscadas 384 por\u00e7\u00f5es de crack, totalizando 0,118 kg, al\u00e9m de maconha, totalizando 0,119 kg, e uma quantia em dinheiro.<\/p>\n\n\n\n<p>Ap\u00f3s a apreens\u00e3o, a ocorr\u00eancia foi apresentada na Delegacia de Pol\u00edcia de Esp\u00edrito Santo do Turvo. A Autoridade Policial presente ratificou a pris\u00e3o em flagrante delito de Edn\u00e9ia I.B., que permanece \u00e0 disposi\u00e7\u00e3o da justi\u00e7a.<\/p>\n\n\n\n<p>A opera\u00e7\u00e3o demonstra a efic\u00e1cia da atua\u00e7\u00e3o conjunta das for\u00e7as de seguran\u00e7a, visando combater o tr\u00e1fico de drogas na regi\u00e3o. O emprego do c\u00e3o farejador do 13\u00ba BAEP foi fundamental para localizar as subst\u00e2ncias il\u00edcitas, ressaltando a import\u00e2ncia dos recursos tecnol\u00f3gicos e especializados no enfrentamento ao crime.<\/p>\n<input type=\"hidden\" id=\"baseurl\" value=\"https:\/\/noticiasregionais.com.br\"><input type=\"hidden\" id=\"audio_nonce\" value=\"533fbb67b1\">","protected":false},"excerpt":{"rendered":"<p>No dia 10 de janeiro de 2024, uma opera\u00e7\u00e3o conjunta envolvendo a Equipe K9 do 13\u00ba Batalh\u00e3o de A\u00e7\u00f5es Especiais&hellip;<\/p>\n","protected":false},"author":1,"featured_media":1739,"comment_status":"closed","ping_status":"open","sticky":false,"template":"","format":"standard","meta":{"sfsi_plus_gutenberg_text_before_share":"","sfsi_plus_gutenberg_show_text_before_share":"","sfsi_plus_gutenberg_icon_type":"","sfsi_plus_gutenberg_icon_alignemt":"","sfsi_plus_gutenburg_max_per_row":"","footnotes":""},"categories":[6,10,1],"tags":[],"class_list":["post-1738","post","type-post","status-publish","format-standard","has-post-thumbnail","hentry","category-sao_paulo","category-destaques","category-noticias"],"_links":{"self":[{"href":"https:\/\/noticiasregionais.com.br\/index.php?rest_route=\/wp\/v2\/posts\/1738","targetHints":{"allow":["GET"]}}],"collection":[{"href":"https:\/\/noticiasregionais.com.br\/index.php?rest_route=\/wp\/v2\/posts"}],"about":[{"href":"https:\/\/noticiasregionais.com.br\/index.php?rest_route=\/wp\/v2\/types\/post"}],"author":[{"embeddable":true,"href":"https:\/\/noticiasregionais.com.br\/index.php?rest_route=\/wp\/v2\/users\/1"}],"replies":[{"embeddable":true,"href":"https:\/\/noticiasregionais.com.br\/index.php?rest_route=%2Fwp%2Fv2%2Fcomments&post=1738"}],"version-history":[{"count":1,"href":"https:\/\/noticiasregionais.com.br\/index.php?rest_route=\/wp\/v2\/posts\/1738\/revisions"}],"predecessor-version":[{"id":1740,"href":"https:\/\/noticiasregionais.com.br\/index.php?rest_route=\/wp\/v2\/posts\/1738\/revisions\/1740"}],"wp:featuredmedia":[{"embeddable":true,"href":"https:\/\/noticiasregionais.com.br\/index.php?rest_route=\/wp\/v2\/media\/1739"}],"wp:attachment":[{"href":"https:\/\/noticiasregionais.com.br\/index.php?rest_route=%2Fwp%2Fv2%2Fmedia&parent=1738"}],"wp:term":[{"taxonomy":"category","embeddable":true,"href":"https:\/\/noticiasregionais.com.br\/index.php?rest_route=%2Fwp%2Fv2%2Fcategories&post=1738"},{"taxonomy":"post_tag","embeddable":true,"href":"https:\/\/noticiasregionais.com.br\/index.php?rest_route=%2Fwp%2Fv2%2Ftags&post=1738"}],"curies":[{"name":"wp","href":"https:\/\/api.w.org\/{rel}","templated":true}]}}