{"id":1741,"date":"2024-01-10T15:09:46","date_gmt":"2024-01-10T18:09:46","guid":{"rendered":"https:\/\/noticiasregionais.com.br\/?p=1741"},"modified":"2024-01-10T15:09:49","modified_gmt":"2024-01-10T18:09:49","slug":"samu-de-ourinhos-passa-a-ser-administrado-pela-samais-com-valor-superior-ao-gasto-com-a-ummes","status":"publish","type":"post","link":"https:\/\/noticiasregionais.com.br\/?p=1741","title":{"rendered":"SAMU de Ourinhos passa a ser administrado pela SAMAIS com valor superior ao gasto com a UMMES"},"content":{"rendered":"\n<p class=\"has-text-align-center\"><strong>Durante processo de rompimento com a UMMES e contrata\u00e7\u00e3o emergencial de empresa particular para gerir o servi\u00e7o, aconteceram muitas pol\u00eamicas e at\u00e9 disputas judiciais.<\/strong><\/p>\n\n\n\n<p>A base do SAMU regional Ourinhos\/Salto Grande passou a ser administrada pela empresa SAMAIS Gest\u00e3o em Sa\u00fade Ltda a partir de 1\u00ba de janeiro de 2024. A gest\u00e3o \u00e9 feita atrav\u00e9s de uma parceria entre as prefeituras dos dois munic\u00edpios.<\/p>\n\n\n\n<p>A nova gest\u00e3o trouxe diversas inova\u00e7\u00f5es, incluindo a introdu\u00e7\u00e3o de motol\u00e2ncias e novas viaturas. Toda a base do SAMU foi renovada com novos equipamentos e ar-condicionado.<\/p>\n\n\n\n<p>Ao todo, ser\u00e3o disponibilizadas quatro ambul\u00e2ncias, tr\u00eas viaturas de reserva e duas motol\u00e2ncias. As motol\u00e2ncias s\u00e3o sin\u00f4nimos de agilidade e funcionam como um pronto-socorro em situa\u00e7\u00f5es de emerg\u00eancia. Elas possuem a facilidade de andar por um corredor, entre ve\u00edculos, encurtando e diminuindo o tempo de espera em uma ocorr\u00eancia.<\/p>\n\n\n\n<p>A forma com que a Prefeitura Municipal de Ourinhos realizou uma contrata\u00e7\u00e3o emergencial e tentou assumir a posse da Base Regional no s\u00e1bado 30\/09\/2023, ap\u00f3s alegar que a Uni\u00e3o dos Munic\u00edpios da M\u00e9dia Sorocabana (UMMES) n\u00e3o cumpria com as demandas da popula\u00e7\u00e3o, causou grande mal estar e disputas judiciais.<br><br>Alguns motivos de cr\u00edticas s\u00e3o: A pressa eu retirar a Base local da gest\u00e3o da UMMES e tamb\u00e9m o fato do novo contrato emergencial ter um acrescimo de cerca de R$210.000 mensais no valor do antigo conv\u00eanio. <\/p>\n\n\n\n<p>Ourinhos tamb\u00e9m tem buscado integrar a Gest\u00e3o Regional do SAMU de Assis para n\u00e3o correr o risco de perder diversos repasses federais, referentes a operacionaliza\u00e7\u00e3o local, referenciamento de vagas, verbas da UPA e at\u00e9 mesmo de atendimentos de urg\u00eancia e emerg\u00eancia na Santa Casa local.<\/p>\n\n\n<div class=\"wp-block-image\">\n<figure class=\"aligncenter size-full\"><img decoding=\"async\" width=\"653\" height=\"423\" src=\"https:\/\/noticiasregionais.com.br\/wp-content\/uploads\/2024\/01\/Custo-do-Samu-agora.jpg\" alt=\"\" class=\"wp-image-1742\" srcset=\"https:\/\/noticiasregionais.com.br\/wp-content\/uploads\/2024\/01\/Custo-do-Samu-agora.jpg 653w, https:\/\/noticiasregionais.com.br\/wp-content\/uploads\/2024\/01\/Custo-do-Samu-agora-300x194.jpg 300w\" sizes=\"(max-width: 653px) 100vw, 653px\" \/><\/figure>\n<\/div><input type=\"hidden\" id=\"baseurl\" value=\"https:\/\/noticiasregionais.com.br\"><input type=\"hidden\" id=\"audio_nonce\" value=\"533fbb67b1\">","protected":false},"excerpt":{"rendered":"<p>Durante processo de rompimento com a UMMES e contrata\u00e7\u00e3o emergencial de empresa particular para gerir o servi\u00e7o, aconteceram muitas pol\u00eamicas&hellip;<\/p>\n","protected":false},"author":1,"featured_media":1743,"comment_status":"closed","ping_status":"open","sticky":false,"template":"","format":"standard","meta":{"sfsi_plus_gutenberg_text_before_share":"","sfsi_plus_gutenberg_show_text_before_share":"","sfsi_plus_gutenberg_icon_type":"","sfsi_plus_gutenberg_icon_alignemt":"","sfsi_plus_gutenburg_max_per_row":"","footnotes":""},"categories":[5,12,1],"tags":[],"class_list":["post-1741","post","type-post","status-publish","format-standard","has-post-thumbnail","hentry","category-ourinhos","category-capa","category-noticias"],"_links":{"self":[{"href":"https:\/\/noticiasregionais.com.br\/index.php?rest_route=\/wp\/v2\/posts\/1741","targetHints":{"allow":["GET"]}}],"collection":[{"href":"https:\/\/noticiasregionais.com.br\/index.php?rest_route=\/wp\/v2\/posts"}],"about":[{"href":"https:\/\/noticiasregionais.com.br\/index.php?rest_route=\/wp\/v2\/types\/post"}],"author":[{"embeddable":true,"href":"https:\/\/noticiasregionais.com.br\/index.php?rest_route=\/wp\/v2\/users\/1"}],"replies":[{"embeddable":true,"href":"https:\/\/noticiasregionais.com.br\/index.php?rest_route=%2Fwp%2Fv2%2Fcomments&post=1741"}],"version-history":[{"count":1,"href":"https:\/\/noticiasregionais.com.br\/index.php?rest_route=\/wp\/v2\/posts\/1741\/revisions"}],"predecessor-version":[{"id":1744,"href":"https:\/\/noticiasregionais.com.br\/index.php?rest_route=\/wp\/v2\/posts\/1741\/revisions\/1744"}],"wp:featuredmedia":[{"embeddable":true,"href":"https:\/\/noticiasregionais.com.br\/index.php?rest_route=\/wp\/v2\/media\/1743"}],"wp:attachment":[{"href":"https:\/\/noticiasregionais.com.br\/index.php?rest_route=%2Fwp%2Fv2%2Fmedia&parent=1741"}],"wp:term":[{"taxonomy":"category","embeddable":true,"href":"https:\/\/noticiasregionais.com.br\/index.php?rest_route=%2Fwp%2Fv2%2Fcategories&post=1741"},{"taxonomy":"post_tag","embeddable":true,"href":"https:\/\/noticiasregionais.com.br\/index.php?rest_route=%2Fwp%2Fv2%2Ftags&post=1741"}],"curies":[{"name":"wp","href":"https:\/\/api.w.org\/{rel}","templated":true}]}}