{"id":1747,"date":"2024-01-11T15:12:39","date_gmt":"2024-01-11T18:12:39","guid":{"rendered":"https:\/\/noticiasregionais.com.br\/?p=1747"},"modified":"2024-01-11T15:16:36","modified_gmt":"2024-01-11T18:16:36","slug":"prazo-para-pagamento-da-primeira-parcela-do-iptu-2024-termina-no-dia-26-de-janeiro","status":"publish","type":"post","link":"https:\/\/noticiasregionais.com.br\/?p=1747","title":{"rendered":"Prazo para pagamento da primeira parcela do IPTU 2024 termina no dia 26 de janeiro"},"content":{"rendered":"\n<p>razo para pagamento da primeira parcela do IPTU 2024 termina no dia 26 de janeiro<\/p>\n\n\n\n<p>Termina no dia 26 de janeiro o prazo para os contribuintes efetuarem o pagamento da primeira parcela ou valor anual total do Imposto Predial e Territorial Urbano &#8211; IPTU e a Contribui\u00e7\u00e3o para Custeio de Servi\u00e7o de Ilumina\u00e7\u00e3o P\u00fablica \u2013 CIP (terrenos n\u00e3o edificados), para o exerc\u00edcio de 2024.<\/p>\n\n\n\n<p>Neste ano, o pagamento das parcelas tamb\u00e9m pode ser realizado via PIX de qualquer conta banc\u00e1ria. Cada parcela cont\u00e9m seu QRcode impresso para que o pagamento via PIX possa ser realizado. Esse tipo de pagamento facilita o contribuinte que pode realizar o pagamento fora do hor\u00e1rio do expediente banc\u00e1rio ou at\u00e9 mesmo aos finais de semana.<\/p>\n\n\n\n<p>O mun\u00edcipe que optar pela cota \u00fanica ter\u00e1 desconto de 10% para o pagamento at\u00e9 a data do seu vencimento. J\u00e1 o pagamento parcelado ser\u00e1 realizado em at\u00e9 12 mensais, respeitado o valor m\u00ednimo de R$30,00 com o vencimento tamb\u00e9m em janeiro, no mesmo dia da cota \u00fanica. As demais parcelas vencer\u00e3o de fevereiro a dezembro, no mesmo dia do m\u00eas da primeira parcela.<\/p>\n\n\n\n<p>Os contribuintes que eventualmente n\u00e3o receberam seus carn\u00eas de IPTU at\u00e9 a data limite de pagamento dever\u00e3o utilizar os canais de atendimento tribut\u00e1rio: pela Internet, em:<br><a href=\"http:\/\/e-gov.ourinhos.sp.gov.br:8080\/tb\/loginWeb.jsp?execobj=ServicoHome\" target=\"_blank\" rel=\"noopener\">http:\/\/e-gov.ourinhos.sp.gov.br:8080\/tb\/loginWeb.jsp?execobj=ServicoHome<\/a><br>para retirada da 2\u00aa via do carn\u00ea ou Guia\/DAM para pagamento do tributo; pelo atendimento virtual chat Whatsapp (14) 997628404, ou presencialmente atrav\u00e9s de agendamento em Portal Poupatempo, no POUPATEMPO Ourinhos, no Ourinhos Plaza Shopping.<\/p>\n\n\n\n<p>Importante salientar que a arrecada\u00e7\u00e3o do imposto \u00e9 revertida pela Prefeitura de Ourinhos em melhorias e obras pela cidade.<\/p>\n<input type=\"hidden\" id=\"baseurl\" value=\"https:\/\/noticiasregionais.com.br\"><input type=\"hidden\" id=\"audio_nonce\" value=\"533fbb67b1\">","protected":false},"excerpt":{"rendered":"<p>razo para pagamento da primeira parcela do IPTU 2024 termina no dia 26 de janeiro Termina no dia 26 de&hellip;<\/p>\n","protected":false},"author":1,"featured_media":1748,"comment_status":"closed","ping_status":"open","sticky":false,"template":"","format":"standard","meta":{"sfsi_plus_gutenberg_text_before_share":"","sfsi_plus_gutenberg_show_text_before_share":"","sfsi_plus_gutenberg_icon_type":"","sfsi_plus_gutenberg_icon_alignemt":"","sfsi_plus_gutenburg_max_per_row":"","footnotes":""},"categories":[5,10,1],"tags":[],"class_list":["post-1747","post","type-post","status-publish","format-standard","has-post-thumbnail","hentry","category-ourinhos","category-destaques","category-noticias"],"_links":{"self":[{"href":"https:\/\/noticiasregionais.com.br\/index.php?rest_route=\/wp\/v2\/posts\/1747","targetHints":{"allow":["GET"]}}],"collection":[{"href":"https:\/\/noticiasregionais.com.br\/index.php?rest_route=\/wp\/v2\/posts"}],"about":[{"href":"https:\/\/noticiasregionais.com.br\/index.php?rest_route=\/wp\/v2\/types\/post"}],"author":[{"embeddable":true,"href":"https:\/\/noticiasregionais.com.br\/index.php?rest_route=\/wp\/v2\/users\/1"}],"replies":[{"embeddable":true,"href":"https:\/\/noticiasregionais.com.br\/index.php?rest_route=%2Fwp%2Fv2%2Fcomments&post=1747"}],"version-history":[{"count":2,"href":"https:\/\/noticiasregionais.com.br\/index.php?rest_route=\/wp\/v2\/posts\/1747\/revisions"}],"predecessor-version":[{"id":1751,"href":"https:\/\/noticiasregionais.com.br\/index.php?rest_route=\/wp\/v2\/posts\/1747\/revisions\/1751"}],"wp:featuredmedia":[{"embeddable":true,"href":"https:\/\/noticiasregionais.com.br\/index.php?rest_route=\/wp\/v2\/media\/1748"}],"wp:attachment":[{"href":"https:\/\/noticiasregionais.com.br\/index.php?rest_route=%2Fwp%2Fv2%2Fmedia&parent=1747"}],"wp:term":[{"taxonomy":"category","embeddable":true,"href":"https:\/\/noticiasregionais.com.br\/index.php?rest_route=%2Fwp%2Fv2%2Fcategories&post=1747"},{"taxonomy":"post_tag","embeddable":true,"href":"https:\/\/noticiasregionais.com.br\/index.php?rest_route=%2Fwp%2Fv2%2Ftags&post=1747"}],"curies":[{"name":"wp","href":"https:\/\/api.w.org\/{rel}","templated":true}]}}