{"id":175,"date":"2023-09-02T21:36:32","date_gmt":"2023-09-03T00:36:32","guid":{"rendered":"https:\/\/noticiasregionais.com.br\/?p=175"},"modified":"2023-09-02T21:36:32","modified_gmt":"2023-09-03T00:36:32","slug":"prf-apreende-veiculo-roubado-em-sao-paulo-conduzido-por-senhora-em-rio-preto","status":"publish","type":"post","link":"https:\/\/noticiasregionais.com.br\/?p=175","title":{"rendered":"PRF apreende ve\u00edculo roubado em S\u00e3o Paulo conduzido por senhora em Rio Preto"},"content":{"rendered":"\n<p>A Pol\u00edcia Rodovi\u00e1ria Federal (PRF) apreendeu na tarde deste s\u00e1bado (02), um ve\u00edculo Jeep\/Renegade, roubado no dia 06\/02\/23 em S\u00e3o Paulo. A abordagem ocorreu no km 69 da BR 153, em S\u00e3o Jos\u00e9 do Rio Preto, no interior de S\u00e3o Paulo.<\/p>\n\n\n\n<p>O ve\u00edculo era conduzido por uma senhora de 55 anos, que informou que o ve\u00edculo pertencia a seu filho, que est\u00e1 internado em uma cl\u00ednica de recupera\u00e7\u00e3o de dependentes qu\u00edmicos.<\/p>\n\n\n\n<p>Durante a fiscaliza\u00e7\u00e3o, os policiais perceberam ind\u00edcios de adultera\u00e7\u00e3o dos sinais identificadores do ve\u00edculo, configurando um caso t\u00edpico de &#8220;clone&#8221; ou &#8220;dubl\u00ea&#8221;.<\/p>\n\n\n\n<p>Realizada uma busca mais detalhada, foi constatado que o ve\u00edculo havia sido roubado na cidade de S\u00e3o Paulo, por\u00e9m a placa e os sinais identificadores foram remarcados para se parecer com outro ve\u00edculo semelhante, sem queixa criminal.<\/p>\n\n\n\n<p>A ocorr\u00eancia foi encaminhada para a Central de Flagrantes de Rio Preto.<\/p>\n\n\n\n<p><strong>A PRF alerta para os riscos de comprar ve\u00edculos usados sem verificar a proced\u00eancia.<\/strong><\/p>\n\n\n\n<p>A adultera\u00e7\u00e3o de sinais identificadores \u00e9 um crime grave, que pode levar \u00e0 pris\u00e3o e \u00e0 perda do ve\u00edculo. Por isso, \u00e9 importante verificar a proced\u00eancia do ve\u00edculo antes de compr\u00e1-lo, consultando a documenta\u00e7\u00e3o e realizando uma pesquisa nos sistemas de seguran\u00e7a.<\/p>\n<input type=\"hidden\" id=\"baseurl\" value=\"https:\/\/noticiasregionais.com.br\"><input type=\"hidden\" id=\"audio_nonce\" value=\"533fbb67b1\">","protected":false},"excerpt":{"rendered":"<p>A Pol\u00edcia Rodovi\u00e1ria Federal (PRF) apreendeu na tarde deste s\u00e1bado (02), um ve\u00edculo Jeep\/Renegade, roubado no dia 06\/02\/23 em S\u00e3o&hellip;<\/p>\n","protected":false},"author":1,"featured_media":176,"comment_status":"closed","ping_status":"open","sticky":false,"template":"","format":"standard","meta":{"sfsi_plus_gutenberg_text_before_share":"","sfsi_plus_gutenberg_show_text_before_share":"","sfsi_plus_gutenberg_icon_type":"","sfsi_plus_gutenberg_icon_alignemt":"","sfsi_plus_gutenburg_max_per_row":"","footnotes":""},"categories":[10,1,6],"tags":[],"class_list":["post-175","post","type-post","status-publish","format-standard","has-post-thumbnail","hentry","category-destaques","category-noticias","category-sao_paulo"],"_links":{"self":[{"href":"https:\/\/noticiasregionais.com.br\/index.php?rest_route=\/wp\/v2\/posts\/175","targetHints":{"allow":["GET"]}}],"collection":[{"href":"https:\/\/noticiasregionais.com.br\/index.php?rest_route=\/wp\/v2\/posts"}],"about":[{"href":"https:\/\/noticiasregionais.com.br\/index.php?rest_route=\/wp\/v2\/types\/post"}],"author":[{"embeddable":true,"href":"https:\/\/noticiasregionais.com.br\/index.php?rest_route=\/wp\/v2\/users\/1"}],"replies":[{"embeddable":true,"href":"https:\/\/noticiasregionais.com.br\/index.php?rest_route=%2Fwp%2Fv2%2Fcomments&post=175"}],"version-history":[{"count":1,"href":"https:\/\/noticiasregionais.com.br\/index.php?rest_route=\/wp\/v2\/posts\/175\/revisions"}],"predecessor-version":[{"id":177,"href":"https:\/\/noticiasregionais.com.br\/index.php?rest_route=\/wp\/v2\/posts\/175\/revisions\/177"}],"wp:featuredmedia":[{"embeddable":true,"href":"https:\/\/noticiasregionais.com.br\/index.php?rest_route=\/wp\/v2\/media\/176"}],"wp:attachment":[{"href":"https:\/\/noticiasregionais.com.br\/index.php?rest_route=%2Fwp%2Fv2%2Fmedia&parent=175"}],"wp:term":[{"taxonomy":"category","embeddable":true,"href":"https:\/\/noticiasregionais.com.br\/index.php?rest_route=%2Fwp%2Fv2%2Fcategories&post=175"},{"taxonomy":"post_tag","embeddable":true,"href":"https:\/\/noticiasregionais.com.br\/index.php?rest_route=%2Fwp%2Fv2%2Ftags&post=175"}],"curies":[{"name":"wp","href":"https:\/\/api.w.org\/{rel}","templated":true}]}}