{"id":1752,"date":"2024-01-11T19:44:16","date_gmt":"2024-01-11T22:44:16","guid":{"rendered":"https:\/\/noticiasregionais.com.br\/?p=1752"},"modified":"2024-01-11T19:45:16","modified_gmt":"2024-01-11T22:45:16","slug":"mp-que-reonera-setores-ja-prejudica-economia-do-pais","status":"publish","type":"post","link":"https:\/\/noticiasregionais.com.br\/?p=1752","title":{"rendered":"MP de Lula e Haddad que reonera setores, j\u00e1 prejudica economia do pais"},"content":{"rendered":"\n<p class=\"has-text-align-center\"><strong>Senador Efraim Filho (Uni\u00e3o-PB) afirma que empresas suspenderam investimentos que gerariam novos empregos por inseguran\u00e7a jur\u00eddica<\/strong><\/p>\n\n\n\n<p>Autor do projeto de lei que prorrogou a desonera\u00e7\u00e3o da folha de pagamento at\u00e9 o fim de 2027, o senador Efraim Filho (Uni\u00e3o-PB) afirmou ao Brasil 61, nesta quarta-feira (10), que a decis\u00e3o do governo de reonerar os 17 setores beneficiados pelo mecanismo j\u00e1 produz efeitos nocivos \u00e0 economia.&nbsp;<\/p>\n\n\n\n<p>&#8220;Esses setores que s\u00e3o intensivos em m\u00e3o de obra j\u00e1 puxaram o freio de m\u00e3o, suspenderam investimentos, cancelaram a abertura de novas filiais. Isso significaria contratar mais pessoas, tirar pais e m\u00e3es de fam\u00edlia da fila do desemprego, jovens que buscam a primeira oportunidade para ter seu posto de trabalho e, assim, com o suor do seu rosto, colocar o p\u00e3o na mesa da sua casa&#8221;, disse.&nbsp;<\/p>\n\n\n\n<p>Segundo o parlamentar, a MP que o ministro da Fazenda apresentou nos \u00faltimos dias de 2023 aumenta o custo da m\u00e3o de obra. E como consequ\u00eancia, desestimula novas contrata\u00e7\u00f5es pelas empresas que, nas regras atuais, t\u00eam menor carga de impostos sobre a folha.&nbsp;<\/p>\n\n\n\n<p>&#8220;O que \u00e9 que o nosso projeto diz? Quem gera mais empregos paga menos impostos. N\u00e3o d\u00e1 para se pensar em arrecadar mais, aumentar imposto exatamente sobre a folha de pagamento, que \u00e9 a folha dos sal\u00e1rios. Ou seja, empregar fica mais caro, eleva o custo&#8221;, critica.&nbsp;<\/p>\n\n\n\n<p>O l\u00edder do Uni\u00e3o Brasil&nbsp;e o dos demais partidos&nbsp;defenderam em reuni\u00e3o com o presidente do Senado, Rodrigo Pacheco (PSD-MG), na ter\u00e7a-feira (9), a devolu\u00e7\u00e3o da MP ao governo. O entendimento \u00e9 de que o Executivo tentou driblar decis\u00e3o dos pr\u00f3prios parlamentares, que optaram por prorrogar a desonera\u00e7\u00e3o por mais quatro anos.&nbsp;<\/p>\n\n\n\n<p>O projeto foi promulgado e virou lei. Com a MP, dias depois, o governo excluiu oito dos 17 setores contemplados pela desonera\u00e7\u00e3o. De acordo com o texto, a partir de abril&nbsp; \u2014&nbsp;quando os efeitos da medida passam a valer \u2014&nbsp;as empresas desses segmentos voltariam a pagar 20% de contribui\u00e7\u00e3o patronal para o INSS sobre a folha de sal\u00e1rios. Hoje, elas podem optar por trocar essa contribui\u00e7\u00e3o patronal pelo pagamento de al\u00edquotas que variam entre 1% e 4,5% do faturamento. Em geral, essa alternativa \u00e9 mais vantajosa para empresas que t\u00eam n\u00famero elevado de funcion\u00e1rios.<\/p>\n\n\n\n<p>J\u00e1 as empresas dos nove setores restantes foram divididas em dois grupos, de acordo com a atividade principal que cada uma exerce. Nesses casos, a MP tamb\u00e9m determina a volta da contribui\u00e7\u00e3o patronal de 20%, mas apenas em 2028. At\u00e9 l\u00e1, no entanto, aumenta de forma gradual o percentual que as empresas devem recolher desse tributo. A partir de abril, as empresas do primeiro grupo teriam que recolher 10% sobre a folha para o INSS, enquanto as do segundo, 15%. Em 2025, 2026 e 2027, as al\u00edquotas subiriam gradualmente at\u00e9 os 20%.&nbsp;<\/p>\n\n\n\n<p>&#8220;O projeto teve 10 meses de tramita\u00e7\u00e3o tanto na C\u00e2mara quanto no Senado, onde seria poss\u00edvel o governo fazer essas propostas. Deixar para editar uma medida provis\u00f3ria ap\u00f3s a derrubada do veto \u00e9 tentar contornar uma decis\u00e3o que est\u00e1 consolidada pelo Congresso. A medida provis\u00f3ria \u00e9 uma imposi\u00e7\u00e3o de uma agenda que o governo j\u00e1 demonstrou que n\u00e3o teve votos para sustentar em plen\u00e1rio&#8221;, ressalta Efraim Filho.&nbsp;<\/p>\n\n\n\n<p><a href=\"https:\/\/brasil61.com\/n\/presidente-do-senado-diz-que-vai-conversar-com-haddad-antes-de-definir-futuro-de-mp-que-reonera-folha-de-pagamento-pind244459\" target=\"_blank\" rel=\"noreferrer noopener\">Presidente do Senado diz que vai conversar com Haddad antes de definir futuro de MP que reonera folha de pagamento<\/a><\/p>\n\n\n\n<p><a href=\"https:\/\/brasil61.com\/n\/reoneracao-da-folha-vai-encarecer-mao-de-obra-e-prejudicar-mercado-de-trabalho-afirmam-especialistas-pind244452\" target=\"_blank\" rel=\"noopener\">Reonera\u00e7\u00e3o da folha vai encarecer m\u00e3o de obra e prejudicar mercado de trabalho, afirmam especialistas<\/a><\/p>\n\n\n\n<h2 class=\"wp-block-heading\">Alternativa<\/h2>\n\n\n\n<p>Segundo o parlamentar paraibano, se o governo quer propor melhorias ao mecanismo da desonera\u00e7\u00e3o, o caminho adequado \u00e9 o envio de um projeto de lei ao Congresso Nacional.&nbsp;<\/p>\n\n\n\n<p>&#8220;Um projeto de lei n\u00e3o teria ru\u00eddo. Talvez essa, inclusive, seja a mensagem: o que foi aprovado por uma lei do Congresso s\u00f3 pode ser modificado por uma lei do Congresso. N\u00e3o quer dizer que tudo que a gente fez seja perfeito. Ele pode ser aperfei\u00e7oado, mas tem que ser por uma lei do Congresso. N\u00e3o pode ser por uma a\u00e7\u00e3o de um outro poder que tenta subjugar uma decis\u00e3o soberana em plen\u00e1rio&#8221;.&nbsp;<\/p>\n\n\n\n<h2 class=\"wp-block-heading\">Pr\u00f3ximos passos<\/h2>\n\n\n\n<p>Ap\u00f3s a reuni\u00e3o com os l\u00edderes, o presidente do Senado afirmou que conversaria com o ministro da Fazenda, Fernando Haddad, antes de decidir se devolve ou n\u00e3o a MP ao governo. Efraim diz que a expectativa dos l\u00edderes \u00e9 que uma solu\u00e7\u00e3o seja tomada rapidamente, pois os setores precisam de previsibilidade quanto \u00e0 carga tribut\u00e1ria a qual estar\u00e3o submetidos a partir de abril.&nbsp;<\/p>\n\n\n\n<p>&#8220;\u00c9 claro que o prazo pertence e ser\u00e1 conduzido pelo presidente do Congresso, Rodrigo Pacheco, mas o quanto antes puder ser tomada essa decis\u00e3o \u00e9 o ideal. [Se poss\u00edvel] ainda nesse recesso, para dar essa seguran\u00e7a aos setores produtivos e a tranquilidade, paz de esp\u00edrito aos trabalhadores, para que n\u00e3o aumente a lista de demiss\u00e3o devido ao elevado custo do emprego. Porque \u00e9 isso que a medida provis\u00f3ria significa&#8221;, completa.<\/p>\n\n\n\n<p>Fonte: <a href=\"https:\/\/brasil61.com\/n\/mp-que-reonera-setores-ja-prejudica-economia-diz-autor-de-projeto-que-prorrogou-desoneracao-da-folha-pind244460?email=fxmendes2012@gmail.com&amp;utm_source=newsletter&amp;utm_medium=newsletter&amp;utm_campaign=newsletter\" target=\"_blank\" rel=\"noreferrer noopener\">Brasil 61<\/a><\/p>\n<input type=\"hidden\" id=\"baseurl\" value=\"https:\/\/noticiasregionais.com.br\"><input type=\"hidden\" id=\"audio_nonce\" value=\"533fbb67b1\">","protected":false},"excerpt":{"rendered":"<p>Senador Efraim Filho (Uni\u00e3o-PB) afirma que empresas suspenderam investimentos que gerariam novos empregos por inseguran\u00e7a jur\u00eddica Autor do projeto de&hellip;<\/p>\n","protected":false},"author":1,"featured_media":1753,"comment_status":"closed","ping_status":"open","sticky":false,"template":"","format":"standard","meta":{"sfsi_plus_gutenberg_text_before_share":"","sfsi_plus_gutenberg_show_text_before_share":"","sfsi_plus_gutenberg_icon_type":"","sfsi_plus_gutenberg_icon_alignemt":"","sfsi_plus_gutenburg_max_per_row":"","footnotes":""},"categories":[8,10,1],"tags":[],"class_list":["post-1752","post","type-post","status-publish","format-standard","has-post-thumbnail","hentry","category-brasil","category-destaques","category-noticias"],"_links":{"self":[{"href":"https:\/\/noticiasregionais.com.br\/index.php?rest_route=\/wp\/v2\/posts\/1752","targetHints":{"allow":["GET"]}}],"collection":[{"href":"https:\/\/noticiasregionais.com.br\/index.php?rest_route=\/wp\/v2\/posts"}],"about":[{"href":"https:\/\/noticiasregionais.com.br\/index.php?rest_route=\/wp\/v2\/types\/post"}],"author":[{"embeddable":true,"href":"https:\/\/noticiasregionais.com.br\/index.php?rest_route=\/wp\/v2\/users\/1"}],"replies":[{"embeddable":true,"href":"https:\/\/noticiasregionais.com.br\/index.php?rest_route=%2Fwp%2Fv2%2Fcomments&post=1752"}],"version-history":[{"count":2,"href":"https:\/\/noticiasregionais.com.br\/index.php?rest_route=\/wp\/v2\/posts\/1752\/revisions"}],"predecessor-version":[{"id":1755,"href":"https:\/\/noticiasregionais.com.br\/index.php?rest_route=\/wp\/v2\/posts\/1752\/revisions\/1755"}],"wp:featuredmedia":[{"embeddable":true,"href":"https:\/\/noticiasregionais.com.br\/index.php?rest_route=\/wp\/v2\/media\/1753"}],"wp:attachment":[{"href":"https:\/\/noticiasregionais.com.br\/index.php?rest_route=%2Fwp%2Fv2%2Fmedia&parent=1752"}],"wp:term":[{"taxonomy":"category","embeddable":true,"href":"https:\/\/noticiasregionais.com.br\/index.php?rest_route=%2Fwp%2Fv2%2Fcategories&post=1752"},{"taxonomy":"post_tag","embeddable":true,"href":"https:\/\/noticiasregionais.com.br\/index.php?rest_route=%2Fwp%2Fv2%2Ftags&post=1752"}],"curies":[{"name":"wp","href":"https:\/\/api.w.org\/{rel}","templated":true}]}}