{"id":1760,"date":"2024-01-11T20:19:18","date_gmt":"2024-01-11T23:19:18","guid":{"rendered":"https:\/\/noticiasregionais.com.br\/?p=1760"},"modified":"2024-01-11T20:19:30","modified_gmt":"2024-01-11T23:19:30","slug":"prefeitura-de-ourinhos-realizou-444-novas-matriculas-em-creches-neste-ano","status":"publish","type":"post","link":"https:\/\/noticiasregionais.com.br\/?p=1760","title":{"rendered":"Prefeitura de Ourinhos realizou 444 novas matr\u00edculas em Creches neste ano"},"content":{"rendered":"\n<p>A Prefeitura de Ourinhos j\u00e1 realizou 444 novas matr\u00edculas em creches municipais neste ano, conforme anunciado pelo vice-prefeito e secret\u00e1rio de Educa\u00e7\u00e3o, Lucas Suzuki. A iniciativa visa atender \u00e0s necessidades educacionais das fam\u00edlias ourinhenses, especialmente aquelas que requerem suporte para cuidar de seus filhos enquanto trabalham.<\/p>\n\n\n\n<p>A Secretaria de Educa\u00e7\u00e3o local est\u00e1 implementando uma estrat\u00e9gia para eliminar a fila de espera em creches, destacando o estudo para uma gest\u00e3o compartilhada com organiza\u00e7\u00f5es da Sociedade Civil. Esse modelo busca otimizar gastos, manter e investir de forma eficiente nos espa\u00e7os de educa\u00e7\u00e3o infantil, assegurando atendimento de qualidade e a expans\u00e3o do n\u00famero de vagas.<\/p>\n\n\n\n<p>Lucas Suzuki enfatizou a import\u00e2ncia do acesso igualit\u00e1rio \u00e0 educa\u00e7\u00e3o desde a primeira inf\u00e2ncia, afirmando o compromisso em garantir atendimento a todas as fam\u00edlias que necessitam de creche em Ourinhos. A administra\u00e7\u00e3o municipal busca aumentar a capacidade e efici\u00eancia, proporcionando a todas as crian\u00e7as a oportunidade de um in\u00edcio de vida cheio de aprendizado e cuidado.<\/p>\n\n\n\n<p>A abordagem de gest\u00e3o compartilhada tem se mostrado eficaz em diversos munic\u00edpios, permitindo a colabora\u00e7\u00e3o entre o poder p\u00fablico e a sociedade civil para otimizar recursos, melhorar infraestruturas e ampliar o acesso a servi\u00e7os educacionais de qualidade.<\/p>\n\n\n\n<p>Para os pais e respons\u00e1veis, as mudan\u00e7as representam a tranquilidade de saber que seus filhos est\u00e3o em um ambiente seguro, estimulante e prop\u00edcio para o desenvolvimento integral durante os anos mais formativos de suas vidas.<\/p>\n\n\n\n<p>A Prefeitura de Ourinhos demonstra que, com planejamento estrat\u00e9gico e parcerias eficientes, \u00e9 poss\u00edvel maximizar os recursos dispon\u00edveis, transformando a educa\u00e7\u00e3o infantil em um pilar de desenvolvimento social e comunit\u00e1rio.<\/p>\n<input type=\"hidden\" id=\"baseurl\" value=\"https:\/\/noticiasregionais.com.br\"><input type=\"hidden\" id=\"audio_nonce\" value=\"533fbb67b1\">","protected":false},"excerpt":{"rendered":"<p>A Prefeitura de Ourinhos j\u00e1 realizou 444 novas matr\u00edculas em creches municipais neste ano, conforme anunciado pelo vice-prefeito e secret\u00e1rio&hellip;<\/p>\n","protected":false},"author":1,"featured_media":1761,"comment_status":"closed","ping_status":"open","sticky":false,"template":"","format":"standard","meta":{"sfsi_plus_gutenberg_text_before_share":"","sfsi_plus_gutenberg_show_text_before_share":"","sfsi_plus_gutenberg_icon_type":"","sfsi_plus_gutenberg_icon_alignemt":"","sfsi_plus_gutenburg_max_per_row":"","footnotes":""},"categories":[5,12,1],"tags":[],"class_list":["post-1760","post","type-post","status-publish","format-standard","has-post-thumbnail","hentry","category-ourinhos","category-capa","category-noticias"],"_links":{"self":[{"href":"https:\/\/noticiasregionais.com.br\/index.php?rest_route=\/wp\/v2\/posts\/1760","targetHints":{"allow":["GET"]}}],"collection":[{"href":"https:\/\/noticiasregionais.com.br\/index.php?rest_route=\/wp\/v2\/posts"}],"about":[{"href":"https:\/\/noticiasregionais.com.br\/index.php?rest_route=\/wp\/v2\/types\/post"}],"author":[{"embeddable":true,"href":"https:\/\/noticiasregionais.com.br\/index.php?rest_route=\/wp\/v2\/users\/1"}],"replies":[{"embeddable":true,"href":"https:\/\/noticiasregionais.com.br\/index.php?rest_route=%2Fwp%2Fv2%2Fcomments&post=1760"}],"version-history":[{"count":1,"href":"https:\/\/noticiasregionais.com.br\/index.php?rest_route=\/wp\/v2\/posts\/1760\/revisions"}],"predecessor-version":[{"id":1762,"href":"https:\/\/noticiasregionais.com.br\/index.php?rest_route=\/wp\/v2\/posts\/1760\/revisions\/1762"}],"wp:featuredmedia":[{"embeddable":true,"href":"https:\/\/noticiasregionais.com.br\/index.php?rest_route=\/wp\/v2\/media\/1761"}],"wp:attachment":[{"href":"https:\/\/noticiasregionais.com.br\/index.php?rest_route=%2Fwp%2Fv2%2Fmedia&parent=1760"}],"wp:term":[{"taxonomy":"category","embeddable":true,"href":"https:\/\/noticiasregionais.com.br\/index.php?rest_route=%2Fwp%2Fv2%2Fcategories&post=1760"},{"taxonomy":"post_tag","embeddable":true,"href":"https:\/\/noticiasregionais.com.br\/index.php?rest_route=%2Fwp%2Fv2%2Ftags&post=1760"}],"curies":[{"name":"wp","href":"https:\/\/api.w.org\/{rel}","templated":true}]}}