{"id":1763,"date":"2024-01-11T20:27:41","date_gmt":"2024-01-11T23:27:41","guid":{"rendered":"https:\/\/noticiasregionais.com.br\/?p=1763"},"modified":"2024-01-11T20:27:53","modified_gmt":"2024-01-11T23:27:53","slug":"prf-apreende-carga-de-celulares-e-eletronicos-avaliada-em-meio-milhao-de-reais","status":"publish","type":"post","link":"https:\/\/noticiasregionais.com.br\/?p=1763","title":{"rendered":"PRF apreende carga de celulares e eletr\u00f4nicos avaliada em meio milh\u00e3o de reais"},"content":{"rendered":"\n<p class=\"has-text-align-center\"><strong>Os produtos foram importados ilegalmente do Paraguai.<\/strong><\/p>\n\n\n\n<p>Na tarde desta quarta-feira (10), a PRF deteve quatro homens na regi\u00e3o de Jos\u00e9 Bonif\u00e1cio-SP, por estaremos transportando uma carga de celulares e produtos eletr\u00f4nicos em um Hyundai Creta.<br>Os produtos foram adquirimos no Paraguai e ingressaram em territ\u00f3rio brasileiro sem o desembara\u00e7o aduaneiro.<br>Os homens disseram que foram ao Paraguai fazer compras, mas nada revelaram sobre os celulares.<br>Um dos homens j\u00e1 foi preso pela PRF transportando 100 celulares do Paraguai.<br>Em revista ao ve\u00edculo, os policiais encontraram 76 celulares iPhones 15, escondidos atr\u00e1s do revestimento do porta malas.<br>Somando aos outros eletr\u00f4nicos que o grupo transportava, a carga foi avaliada em meio milh\u00e3o de reais.<br>A ocorr\u00eancia foi apresentada na Delegacia da Pol\u00edcia Federal de S\u00e3o Jos\u00e9 do Rio Preto. Eles pagaram fian\u00e7a e foram liberados. Os celulares e eletr\u00f4nicos foram apreendidos.<\/p>\n<input type=\"hidden\" id=\"baseurl\" value=\"https:\/\/noticiasregionais.com.br\"><input type=\"hidden\" id=\"audio_nonce\" value=\"533fbb67b1\">","protected":false},"excerpt":{"rendered":"<p>Os produtos foram importados ilegalmente do Paraguai. Na tarde desta quarta-feira (10), a PRF deteve quatro homens na regi\u00e3o de&hellip;<\/p>\n","protected":false},"author":1,"featured_media":1764,"comment_status":"closed","ping_status":"open","sticky":false,"template":"","format":"standard","meta":{"sfsi_plus_gutenberg_text_before_share":"","sfsi_plus_gutenberg_show_text_before_share":"","sfsi_plus_gutenberg_icon_type":"","sfsi_plus_gutenberg_icon_alignemt":"","sfsi_plus_gutenburg_max_per_row":"","footnotes":""},"categories":[6,10,1],"tags":[],"class_list":["post-1763","post","type-post","status-publish","format-standard","has-post-thumbnail","hentry","category-sao_paulo","category-destaques","category-noticias"],"_links":{"self":[{"href":"https:\/\/noticiasregionais.com.br\/index.php?rest_route=\/wp\/v2\/posts\/1763","targetHints":{"allow":["GET"]}}],"collection":[{"href":"https:\/\/noticiasregionais.com.br\/index.php?rest_route=\/wp\/v2\/posts"}],"about":[{"href":"https:\/\/noticiasregionais.com.br\/index.php?rest_route=\/wp\/v2\/types\/post"}],"author":[{"embeddable":true,"href":"https:\/\/noticiasregionais.com.br\/index.php?rest_route=\/wp\/v2\/users\/1"}],"replies":[{"embeddable":true,"href":"https:\/\/noticiasregionais.com.br\/index.php?rest_route=%2Fwp%2Fv2%2Fcomments&post=1763"}],"version-history":[{"count":1,"href":"https:\/\/noticiasregionais.com.br\/index.php?rest_route=\/wp\/v2\/posts\/1763\/revisions"}],"predecessor-version":[{"id":1765,"href":"https:\/\/noticiasregionais.com.br\/index.php?rest_route=\/wp\/v2\/posts\/1763\/revisions\/1765"}],"wp:featuredmedia":[{"embeddable":true,"href":"https:\/\/noticiasregionais.com.br\/index.php?rest_route=\/wp\/v2\/media\/1764"}],"wp:attachment":[{"href":"https:\/\/noticiasregionais.com.br\/index.php?rest_route=%2Fwp%2Fv2%2Fmedia&parent=1763"}],"wp:term":[{"taxonomy":"category","embeddable":true,"href":"https:\/\/noticiasregionais.com.br\/index.php?rest_route=%2Fwp%2Fv2%2Fcategories&post=1763"},{"taxonomy":"post_tag","embeddable":true,"href":"https:\/\/noticiasregionais.com.br\/index.php?rest_route=%2Fwp%2Fv2%2Ftags&post=1763"}],"curies":[{"name":"wp","href":"https:\/\/api.w.org\/{rel}","templated":true}]}}