{"id":1766,"date":"2024-01-12T09:22:28","date_gmt":"2024-01-12T12:22:28","guid":{"rendered":"https:\/\/noticiasregionais.com.br\/?p=1766"},"modified":"2024-01-12T09:48:50","modified_gmt":"2024-01-12T12:48:50","slug":"novas-integrantes-do-conselho-tutelar-2024-2027-tomam-posse","status":"publish","type":"post","link":"https:\/\/noticiasregionais.com.br\/?p=1766","title":{"rendered":"Novas integrantes do Conselho Tutelar (2024-2027) tomam posse"},"content":{"rendered":"\n<p>Na tarde da \u00faltima quarta-feira (10), no plen\u00e1rio da C\u00e2mara Municipal de Ourinhos, as cinco conselheiras tutelares eleitas nas elei\u00e7\u00f5es realizadas em outubro de 2023 tomaram posse para o per\u00edodo 2024-2027. O presidente do Conselho Municipal dos Direitos da Crian\u00e7a e do Adolescente (CMDCA), Regis Luscenti, conduziu a cerim\u00f4nia.<\/p>\n\n\n\n<p>As cinco conselheiras tutelares do munic\u00edpio de Ourinhos s\u00e3o Aline Bueno Debusto, Fabiana Raquel Mar\u00e7al, Glaucia Maria Martins Baccili da Silva, Valdineia Delfino Juli\u00e3o e Vera Aparecida de Lima Fittipaldi.<\/p>\n\n\n\n<p>Tamb\u00e9m estiveram na cerim\u00f4nia o promotor Aguilar de Lara Cordeiro, a ju\u00edza Renata Ferreira dos Santos Carvalho e a secret\u00e1ria municipal Viviane Barros (Assist\u00eancia e Desenvolvimento Social). Viviane parabenizou as candidatas e todos os envolvidos no processo eleitoral, que foi realizado com sucesso pelo CMDCA, e destacou que estar\u00e1 atenta e dispon\u00edvel para ouvir as demandas do Conselho Tutelar, podendo assim garantir acesso aos direitos b\u00e1sicos, educa\u00e7\u00e3o, alimenta\u00e7\u00e3o, conviv\u00eancia comunit\u00e1ria, seguran\u00e7a e um crescimento saud\u00e1vel para as crian\u00e7as.<\/p>\n<input type=\"hidden\" id=\"baseurl\" value=\"https:\/\/noticiasregionais.com.br\"><input type=\"hidden\" id=\"audio_nonce\" value=\"d7ad76df66\">","protected":false},"excerpt":{"rendered":"<p>Na tarde da \u00faltima quarta-feira (10), no plen\u00e1rio da C\u00e2mara Municipal de Ourinhos, as cinco conselheiras tutelares eleitas nas elei\u00e7\u00f5es&hellip;<\/p>\n","protected":false},"author":1,"featured_media":1767,"comment_status":"closed","ping_status":"open","sticky":false,"template":"","format":"standard","meta":{"sfsi_plus_gutenberg_text_before_share":"","sfsi_plus_gutenberg_show_text_before_share":"","sfsi_plus_gutenberg_icon_type":"","sfsi_plus_gutenberg_icon_alignemt":"","sfsi_plus_gutenburg_max_per_row":"","footnotes":""},"categories":[5,12,1],"tags":[],"class_list":["post-1766","post","type-post","status-publish","format-standard","has-post-thumbnail","hentry","category-ourinhos","category-capa","category-noticias"],"_links":{"self":[{"href":"https:\/\/noticiasregionais.com.br\/index.php?rest_route=\/wp\/v2\/posts\/1766","targetHints":{"allow":["GET"]}}],"collection":[{"href":"https:\/\/noticiasregionais.com.br\/index.php?rest_route=\/wp\/v2\/posts"}],"about":[{"href":"https:\/\/noticiasregionais.com.br\/index.php?rest_route=\/wp\/v2\/types\/post"}],"author":[{"embeddable":true,"href":"https:\/\/noticiasregionais.com.br\/index.php?rest_route=\/wp\/v2\/users\/1"}],"replies":[{"embeddable":true,"href":"https:\/\/noticiasregionais.com.br\/index.php?rest_route=%2Fwp%2Fv2%2Fcomments&post=1766"}],"version-history":[{"count":1,"href":"https:\/\/noticiasregionais.com.br\/index.php?rest_route=\/wp\/v2\/posts\/1766\/revisions"}],"predecessor-version":[{"id":1768,"href":"https:\/\/noticiasregionais.com.br\/index.php?rest_route=\/wp\/v2\/posts\/1766\/revisions\/1768"}],"wp:featuredmedia":[{"embeddable":true,"href":"https:\/\/noticiasregionais.com.br\/index.php?rest_route=\/wp\/v2\/media\/1767"}],"wp:attachment":[{"href":"https:\/\/noticiasregionais.com.br\/index.php?rest_route=%2Fwp%2Fv2%2Fmedia&parent=1766"}],"wp:term":[{"taxonomy":"category","embeddable":true,"href":"https:\/\/noticiasregionais.com.br\/index.php?rest_route=%2Fwp%2Fv2%2Fcategories&post=1766"},{"taxonomy":"post_tag","embeddable":true,"href":"https:\/\/noticiasregionais.com.br\/index.php?rest_route=%2Fwp%2Fv2%2Ftags&post=1766"}],"curies":[{"name":"wp","href":"https:\/\/api.w.org\/{rel}","templated":true}]}}