{"id":1769,"date":"2024-01-12T09:44:48","date_gmt":"2024-01-12T12:44:48","guid":{"rendered":"https:\/\/noticiasregionais.com.br\/?p=1769"},"modified":"2024-01-12T09:45:00","modified_gmt":"2024-01-12T12:45:00","slug":"declaracao-anual-para-meis-ja-esta-disponivel-informa-sedecon","status":"publish","type":"post","link":"https:\/\/noticiasregionais.com.br\/?p=1769","title":{"rendered":"Declara\u00e7\u00e3o anual para MEIs j\u00e1 est\u00e1 dispon\u00edvel, informa Sedecon"},"content":{"rendered":"\n<p class=\"has-text-align-center\"><strong>A declara\u00e7\u00e3o deve ser realizada pelo DASN-SIMEI (Declara\u00e7\u00e3o Anual Simplificada para o Microempreendedor Individual), por todos aqueles que possuam um MEI ativo<\/strong><\/p>\n\n\n\n<p>A declara\u00e7\u00e3o anual para Microempreendedores Individuais (MEI) j\u00e1 est\u00e1 dispon\u00edvel e deve ser realizada pelo DASN-SIMEI (Declara\u00e7\u00e3o Anual Simplificada para o Microempreendedor Individual), por todos aqueles que possuam um MEI ativo. A entrega de documentos que comprovem o rendimento e tributos pagos em 2023 \u00e9 obrigat\u00f3ria para todos cadastrados como MEI, mesmo aqueles que n\u00e3o tenham efetuado movimenta\u00e7\u00e3o durante o ano. A data para preenchimento e entrega dos documentos vai at\u00e9 31 de maio de 2024.<\/p>\n\n\n\n<p>Os trabalhadores que exercem a fun\u00e7\u00e3o de transportador aut\u00f4nomo de cargas (MEI Caminhoneiro) devem ficar atentos ao per\u00edodo de enquadramento e desenquadramento da categoria. A data limite para a solicita\u00e7\u00e3o \u00e9 31 de janeiro. Os interessados podem realizar a presta\u00e7\u00e3o de contas online pelo site da Receita Federal.<\/p>\n<input type=\"hidden\" id=\"baseurl\" value=\"https:\/\/noticiasregionais.com.br\"><input type=\"hidden\" id=\"audio_nonce\" value=\"533fbb67b1\">","protected":false},"excerpt":{"rendered":"<p>A declara\u00e7\u00e3o deve ser realizada pelo DASN-SIMEI (Declara\u00e7\u00e3o Anual Simplificada para o Microempreendedor Individual), por todos aqueles que possuam um&hellip;<\/p>\n","protected":false},"author":1,"featured_media":1770,"comment_status":"closed","ping_status":"open","sticky":false,"template":"","format":"standard","meta":{"sfsi_plus_gutenberg_text_before_share":"","sfsi_plus_gutenberg_show_text_before_share":"","sfsi_plus_gutenberg_icon_type":"","sfsi_plus_gutenberg_icon_alignemt":"","sfsi_plus_gutenburg_max_per_row":"","footnotes":""},"categories":[8,10,1],"tags":[],"class_list":["post-1769","post","type-post","status-publish","format-standard","has-post-thumbnail","hentry","category-brasil","category-destaques","category-noticias"],"_links":{"self":[{"href":"https:\/\/noticiasregionais.com.br\/index.php?rest_route=\/wp\/v2\/posts\/1769","targetHints":{"allow":["GET"]}}],"collection":[{"href":"https:\/\/noticiasregionais.com.br\/index.php?rest_route=\/wp\/v2\/posts"}],"about":[{"href":"https:\/\/noticiasregionais.com.br\/index.php?rest_route=\/wp\/v2\/types\/post"}],"author":[{"embeddable":true,"href":"https:\/\/noticiasregionais.com.br\/index.php?rest_route=\/wp\/v2\/users\/1"}],"replies":[{"embeddable":true,"href":"https:\/\/noticiasregionais.com.br\/index.php?rest_route=%2Fwp%2Fv2%2Fcomments&post=1769"}],"version-history":[{"count":1,"href":"https:\/\/noticiasregionais.com.br\/index.php?rest_route=\/wp\/v2\/posts\/1769\/revisions"}],"predecessor-version":[{"id":1771,"href":"https:\/\/noticiasregionais.com.br\/index.php?rest_route=\/wp\/v2\/posts\/1769\/revisions\/1771"}],"wp:featuredmedia":[{"embeddable":true,"href":"https:\/\/noticiasregionais.com.br\/index.php?rest_route=\/wp\/v2\/media\/1770"}],"wp:attachment":[{"href":"https:\/\/noticiasregionais.com.br\/index.php?rest_route=%2Fwp%2Fv2%2Fmedia&parent=1769"}],"wp:term":[{"taxonomy":"category","embeddable":true,"href":"https:\/\/noticiasregionais.com.br\/index.php?rest_route=%2Fwp%2Fv2%2Fcategories&post=1769"},{"taxonomy":"post_tag","embeddable":true,"href":"https:\/\/noticiasregionais.com.br\/index.php?rest_route=%2Fwp%2Fv2%2Ftags&post=1769"}],"curies":[{"name":"wp","href":"https:\/\/api.w.org\/{rel}","templated":true}]}}