{"id":1778,"date":"2024-01-15T10:12:46","date_gmt":"2024-01-15T13:12:46","guid":{"rendered":"https:\/\/noticiasregionais.com.br\/?p=1778"},"modified":"2024-01-15T10:12:49","modified_gmt":"2024-01-15T13:12:49","slug":"condutor-e-flagrado-a-188-km-h-na-raposo-tavares-em-um-ato-de-grande-imprudencia","status":"publish","type":"post","link":"https:\/\/noticiasregionais.com.br\/?p=1778","title":{"rendered":"Condutor \u00e9 flagrado a 188 km\/h na Raposo Tavares em um ato de grande imprud\u00eancia"},"content":{"rendered":"\n<p>Infelizmente 2024 come\u00e7a com imprud\u00eancia nas rodovias da regiao. Na tarde de 14 de janeiro Policiais Militares Rodoviarios realizavam controle de velocidade com RADAR na Rodovia Raposo em Assis, quando flagraram um condutor a 188 km\/h em local em que a velocidade m\u00e1xima permitida \u00e9 de 110 km\/h.<\/p>\n\n\n\n<p>Neste caso a autua\u00e7\u00e3o \u00e9 grav\u00edssima (07 pontos na CNH) e o valor multiplicado por 3 R$ 880,41 e suspens\u00e3o do direito de dirigir.<\/p>\n\n\n\n<p>Diante desse flagrante de desrespeito a vida e a seguran\u00e7a de todos, o Policiamento Rodovi\u00e1rio refor\u00e7a a necessidade de todos os condutores e passageiros respeitarem os limites impostos pela legisla\u00e7\u00e3o, pela sinaliza\u00e7\u00e3o, pelas vias, pelos ve\u00edculos e pelos pr\u00f3prios condutores!<\/p>\n\n\n\n<p>No tr\u00e2nsito d\u00ea prefer\u00eancia \u00e0 vida!!!<\/p>\n<input type=\"hidden\" id=\"baseurl\" value=\"https:\/\/noticiasregionais.com.br\"><input type=\"hidden\" id=\"audio_nonce\" value=\"533fbb67b1\">","protected":false},"excerpt":{"rendered":"<p>Infelizmente 2024 come\u00e7a com imprud\u00eancia nas rodovias da regiao. Na tarde de 14 de janeiro Policiais Militares Rodoviarios realizavam controle&hellip;<\/p>\n","protected":false},"author":1,"featured_media":1779,"comment_status":"closed","ping_status":"open","sticky":false,"template":"","format":"standard","meta":{"sfsi_plus_gutenberg_text_before_share":"","sfsi_plus_gutenberg_show_text_before_share":"","sfsi_plus_gutenberg_icon_type":"","sfsi_plus_gutenberg_icon_alignemt":"","sfsi_plus_gutenburg_max_per_row":"","footnotes":""},"categories":[10,1,6],"tags":[],"class_list":["post-1778","post","type-post","status-publish","format-standard","has-post-thumbnail","hentry","category-destaques","category-noticias","category-sao_paulo"],"_links":{"self":[{"href":"https:\/\/noticiasregionais.com.br\/index.php?rest_route=\/wp\/v2\/posts\/1778","targetHints":{"allow":["GET"]}}],"collection":[{"href":"https:\/\/noticiasregionais.com.br\/index.php?rest_route=\/wp\/v2\/posts"}],"about":[{"href":"https:\/\/noticiasregionais.com.br\/index.php?rest_route=\/wp\/v2\/types\/post"}],"author":[{"embeddable":true,"href":"https:\/\/noticiasregionais.com.br\/index.php?rest_route=\/wp\/v2\/users\/1"}],"replies":[{"embeddable":true,"href":"https:\/\/noticiasregionais.com.br\/index.php?rest_route=%2Fwp%2Fv2%2Fcomments&post=1778"}],"version-history":[{"count":1,"href":"https:\/\/noticiasregionais.com.br\/index.php?rest_route=\/wp\/v2\/posts\/1778\/revisions"}],"predecessor-version":[{"id":1780,"href":"https:\/\/noticiasregionais.com.br\/index.php?rest_route=\/wp\/v2\/posts\/1778\/revisions\/1780"}],"wp:featuredmedia":[{"embeddable":true,"href":"https:\/\/noticiasregionais.com.br\/index.php?rest_route=\/wp\/v2\/media\/1779"}],"wp:attachment":[{"href":"https:\/\/noticiasregionais.com.br\/index.php?rest_route=%2Fwp%2Fv2%2Fmedia&parent=1778"}],"wp:term":[{"taxonomy":"category","embeddable":true,"href":"https:\/\/noticiasregionais.com.br\/index.php?rest_route=%2Fwp%2Fv2%2Fcategories&post=1778"},{"taxonomy":"post_tag","embeddable":true,"href":"https:\/\/noticiasregionais.com.br\/index.php?rest_route=%2Fwp%2Fv2%2Ftags&post=1778"}],"curies":[{"name":"wp","href":"https:\/\/api.w.org\/{rel}","templated":true}]}}