{"id":1781,"date":"2024-01-15T18:57:45","date_gmt":"2024-01-15T21:57:45","guid":{"rendered":"https:\/\/noticiasregionais.com.br\/?p=1781"},"modified":"2024-01-15T18:57:49","modified_gmt":"2024-01-15T21:57:49","slug":"veiculo-com-queixa-de-apropriacao-indebita-e-apreedido-pela-pre-em-assis","status":"publish","type":"post","link":"https:\/\/noticiasregionais.com.br\/?p=1781","title":{"rendered":"Ve\u00edculo com queixa de apropria\u00e7\u00e3o ind\u00e9bita \u00e9 apreedido pela PRE em Assis"},"content":{"rendered":"\n<p>Na tarde desta sexta-feira, 15 de janeiro, uma a\u00e7\u00e3o eficiente dos policiais militares do 2\u00b0 Batalh\u00e3o de Pol\u00edcia Rodovi\u00e1ria resultou na deten\u00e7\u00e3o de um indiv\u00edduo por apropria\u00e7\u00e3o ind\u00e9bita, durante a realiza\u00e7\u00e3o da Opera\u00e7\u00e3o Impacto. A equipe T\u00e1tico Ostensivo Rodovi\u00e1rio (TOR) de Assis\/SP desempenhava suas fun\u00e7\u00f5es na SP 333 Rodovia Rachid Rayes, quando abordou um ve\u00edculo Jeep\/Renegade, cor preta, com placas do munic\u00edpio de Belo Horizonte\/MG, no quil\u00f4metro 398+500.<\/p>\n\n\n\n<p>O condutor, identificado como M.A.O.L, de 23 anos de idade, foi submetido a uma consulta no sistema Prodesp, que revelou que o ve\u00edculo estava registrado como objeto de apropria\u00e7\u00e3o ind\u00e9bita. Diante da constata\u00e7\u00e3o, os policiais procederam com a deten\u00e7\u00e3o do indiv\u00edduo e a condu\u00e7\u00e3o da ocorr\u00eancia para a central de pol\u00edcia judici\u00e1ria de Assis\/SP.<\/p>\n\n\n\n<p>Na delegacia, o suspeito foi ouvido pelas autoridades competentes e, posteriormente, liberado. No entanto, o ve\u00edculo Jeep\/Renegade foi apreendido e permanecer\u00e1 recolhido \u00e0 delegacia at\u00e9 que as provid\u00eancias legais sejam tomadas.<\/p>\n\n\n\n<p>A a\u00e7\u00e3o r\u00e1pida e eficaz da Pol\u00edcia Militar, em particular do 2\u00b0 Batalh\u00e3o de Pol\u00edcia Rodovi\u00e1ria, demonstra o comprometimento das for\u00e7as de seguran\u00e7a com a ordem p\u00fablica e a pronta resposta diante de atividades criminosas. O trabalho integrado das equipes durante a Opera\u00e7\u00e3o Impacto refor\u00e7a o papel crucial da pol\u00edcia na preven\u00e7\u00e3o e combate a delitos, garantindo a seguran\u00e7a nas rodovias da regi\u00e3o.<\/p>\n\n\n\n<p>Com os 200 anos da Pol\u00edcia Militar se aproximando, a institui\u00e7\u00e3o reafirma seu lema &#8220;Ningu\u00e9m Fica Para Tr\u00e1s!&#8221;, destacando a import\u00e2ncia de um trabalho conjunto para manter a ordem e a tranquilidade na sociedade. A a\u00e7\u00e3o exitosa de hoje \u00e9 mais um passo na constru\u00e7\u00e3o dessa trajet\u00f3ria de dedica\u00e7\u00e3o e responsabilidade, rumo a duas d\u00e9cadas de servi\u00e7o \u00e0 comunidade.<\/p>\n<input type=\"hidden\" id=\"baseurl\" value=\"https:\/\/noticiasregionais.com.br\"><input type=\"hidden\" id=\"audio_nonce\" value=\"533fbb67b1\">","protected":false},"excerpt":{"rendered":"<p>Na tarde desta sexta-feira, 15 de janeiro, uma a\u00e7\u00e3o eficiente dos policiais militares do 2\u00b0 Batalh\u00e3o de Pol\u00edcia Rodovi\u00e1ria resultou&hellip;<\/p>\n","protected":false},"author":1,"featured_media":1782,"comment_status":"closed","ping_status":"open","sticky":false,"template":"","format":"standard","meta":{"sfsi_plus_gutenberg_text_before_share":"","sfsi_plus_gutenberg_show_text_before_share":"","sfsi_plus_gutenberg_icon_type":"","sfsi_plus_gutenberg_icon_alignemt":"","sfsi_plus_gutenburg_max_per_row":"","footnotes":""},"categories":[6,12,1],"tags":[],"class_list":["post-1781","post","type-post","status-publish","format-standard","has-post-thumbnail","hentry","category-sao_paulo","category-capa","category-noticias"],"_links":{"self":[{"href":"https:\/\/noticiasregionais.com.br\/index.php?rest_route=\/wp\/v2\/posts\/1781","targetHints":{"allow":["GET"]}}],"collection":[{"href":"https:\/\/noticiasregionais.com.br\/index.php?rest_route=\/wp\/v2\/posts"}],"about":[{"href":"https:\/\/noticiasregionais.com.br\/index.php?rest_route=\/wp\/v2\/types\/post"}],"author":[{"embeddable":true,"href":"https:\/\/noticiasregionais.com.br\/index.php?rest_route=\/wp\/v2\/users\/1"}],"replies":[{"embeddable":true,"href":"https:\/\/noticiasregionais.com.br\/index.php?rest_route=%2Fwp%2Fv2%2Fcomments&post=1781"}],"version-history":[{"count":1,"href":"https:\/\/noticiasregionais.com.br\/index.php?rest_route=\/wp\/v2\/posts\/1781\/revisions"}],"predecessor-version":[{"id":1783,"href":"https:\/\/noticiasregionais.com.br\/index.php?rest_route=\/wp\/v2\/posts\/1781\/revisions\/1783"}],"wp:featuredmedia":[{"embeddable":true,"href":"https:\/\/noticiasregionais.com.br\/index.php?rest_route=\/wp\/v2\/media\/1782"}],"wp:attachment":[{"href":"https:\/\/noticiasregionais.com.br\/index.php?rest_route=%2Fwp%2Fv2%2Fmedia&parent=1781"}],"wp:term":[{"taxonomy":"category","embeddable":true,"href":"https:\/\/noticiasregionais.com.br\/index.php?rest_route=%2Fwp%2Fv2%2Fcategories&post=1781"},{"taxonomy":"post_tag","embeddable":true,"href":"https:\/\/noticiasregionais.com.br\/index.php?rest_route=%2Fwp%2Fv2%2Ftags&post=1781"}],"curies":[{"name":"wp","href":"https:\/\/api.w.org\/{rel}","templated":true}]}}