{"id":1784,"date":"2024-01-15T19:25:27","date_gmt":"2024-01-15T22:25:27","guid":{"rendered":"https:\/\/noticiasregionais.com.br\/?p=1784"},"modified":"2024-01-15T19:26:46","modified_gmt":"2024-01-15T22:26:46","slug":"policia-prende-casal-por-trafico-de-drogas-e-porte-ilegal-de-arma-de-fogo-no-cdhu-em-ourinhos","status":"publish","type":"post","link":"https:\/\/noticiasregionais.com.br\/?p=1784","title":{"rendered":"Pol\u00edcia prende casal por tr\u00e1fico de drogas e porte ilegal de arma de fogo no CDHU em Ourinhos"},"content":{"rendered":"\n<p>Na madrugada do domingo (14), policiais do 31\u00ba Batalh\u00e3o de Pol\u00edcia Militar do Interior prenderam um casal por tr\u00e1fico de drogas e porte ilegal de arma de fogo em Ourinhos.<\/p>\n\n\n\n<p>A pris\u00e3o ocorreu por volta das 2h40 da manh\u00e3, na Rua Moacir Davan\u00e7o, no CDHU. Os policiais realizavam patrulhamento pela regi\u00e3o quando avistaram um ve\u00edculo em atitude suspeita. Ao realizarem a abordagem, os policiais encontraram no interior do carro, no painel, atr\u00e1s do porta luvas, uma sacola com 36 por\u00e7\u00f5es de coca\u00edna.<\/p>\n\n\n\n<p>Um dos ocupantes do ve\u00edculo ainda tentou dispensar uma arma de fogo durante a abordagem. A arma, uma pistola Taurus 380 com a numera\u00e7\u00e3o suprimida, foi localizada e apreendida.<\/p>\n\n\n\n<p>O casal foi preso em flagrante e encaminhado \u00e0 Central de Pol\u00edcia Judici\u00e1ria (CPJ) de Ourinhos. Ambos permaneceram presos por tr\u00e1fico de drogas e porte ilegal de arma de fogo.<\/p>\n\n\n\n<p>A Pol\u00edcia Civil investiga o caso para apurar a origem da droga e a destina\u00e7\u00e3o que seria dada a ela.<\/p>\n\n\n\n<p><strong>Den\u00fancias<\/strong><\/p>\n\n\n\n<p>A Pol\u00edcia Civil pede a colabora\u00e7\u00e3o da popula\u00e7\u00e3o para denunciar crimes de tr\u00e1fico de drogas e porte ilegal de arma de fogo. As den\u00fancias podem ser feitas pelo telefone 190 ou pelo Disque Den\u00fancia (181). A identidade do denunciante \u00e9 preservada.<\/p>\n<input type=\"hidden\" id=\"baseurl\" value=\"https:\/\/noticiasregionais.com.br\"><input type=\"hidden\" id=\"audio_nonce\" value=\"3cdc555a10\">","protected":false},"excerpt":{"rendered":"<p>Na madrugada do domingo (14), policiais do 31\u00ba Batalh\u00e3o de Pol\u00edcia Militar do Interior prenderam um casal por tr\u00e1fico de&hellip;<\/p>\n","protected":false},"author":1,"featured_media":1785,"comment_status":"closed","ping_status":"open","sticky":false,"template":"","format":"standard","meta":{"sfsi_plus_gutenberg_text_before_share":"","sfsi_plus_gutenberg_show_text_before_share":"","sfsi_plus_gutenberg_icon_type":"","sfsi_plus_gutenberg_icon_alignemt":"","sfsi_plus_gutenburg_max_per_row":"","footnotes":""},"categories":[5,10,1],"tags":[],"class_list":["post-1784","post","type-post","status-publish","format-standard","has-post-thumbnail","hentry","category-ourinhos","category-destaques","category-noticias"],"_links":{"self":[{"href":"https:\/\/noticiasregionais.com.br\/index.php?rest_route=\/wp\/v2\/posts\/1784","targetHints":{"allow":["GET"]}}],"collection":[{"href":"https:\/\/noticiasregionais.com.br\/index.php?rest_route=\/wp\/v2\/posts"}],"about":[{"href":"https:\/\/noticiasregionais.com.br\/index.php?rest_route=\/wp\/v2\/types\/post"}],"author":[{"embeddable":true,"href":"https:\/\/noticiasregionais.com.br\/index.php?rest_route=\/wp\/v2\/users\/1"}],"replies":[{"embeddable":true,"href":"https:\/\/noticiasregionais.com.br\/index.php?rest_route=%2Fwp%2Fv2%2Fcomments&post=1784"}],"version-history":[{"count":2,"href":"https:\/\/noticiasregionais.com.br\/index.php?rest_route=\/wp\/v2\/posts\/1784\/revisions"}],"predecessor-version":[{"id":1788,"href":"https:\/\/noticiasregionais.com.br\/index.php?rest_route=\/wp\/v2\/posts\/1784\/revisions\/1788"}],"wp:featuredmedia":[{"embeddable":true,"href":"https:\/\/noticiasregionais.com.br\/index.php?rest_route=\/wp\/v2\/media\/1785"}],"wp:attachment":[{"href":"https:\/\/noticiasregionais.com.br\/index.php?rest_route=%2Fwp%2Fv2%2Fmedia&parent=1784"}],"wp:term":[{"taxonomy":"category","embeddable":true,"href":"https:\/\/noticiasregionais.com.br\/index.php?rest_route=%2Fwp%2Fv2%2Fcategories&post=1784"},{"taxonomy":"post_tag","embeddable":true,"href":"https:\/\/noticiasregionais.com.br\/index.php?rest_route=%2Fwp%2Fv2%2Ftags&post=1784"}],"curies":[{"name":"wp","href":"https:\/\/api.w.org\/{rel}","templated":true}]}}