{"id":1789,"date":"2024-01-15T20:19:17","date_gmt":"2024-01-15T23:19:17","guid":{"rendered":"https:\/\/noticiasregionais.com.br\/?p=1789"},"modified":"2024-01-15T20:19:29","modified_gmt":"2024-01-15T23:19:29","slug":"cuidadora-e-presa-suspeita-de-manter-casal-de-idosos-em-carcere-privado-e-furtar-mais-de-r-200-mil-de-conta-bancaria-em-botucatu","status":"publish","type":"post","link":"https:\/\/noticiasregionais.com.br\/?p=1789","title":{"rendered":"Cuidadora \u00e9 presa suspeita de manter casal de idosos em c\u00e1rcere privado e furtar mais de R$ 200 mil de conta banc\u00e1ria em Botucatu"},"content":{"rendered":"\n<p class=\"has-text-align-center\"><strong>Pris\u00e3o ocorreu enquanto a mulher tentava realizar uma nova transfer\u00eancia banc\u00e1ria, de aproximadamente R$ 300 mil, em uma ag\u00eancia no centro da cidade.<\/strong><\/p>\n\n\n\n<p>A Pol\u00edcia Civil de Botucatu (SP) prendeu, na tarde desta segunda-feira (15), uma cuidadora suspeita de manter em c\u00e1rcere privado um idoso, de 79 anos, e a irm\u00e3 dele, de 72, e de furtar mais de R$ 200 mil da conta banc\u00e1ria de um deles.<\/p>\n\n\n\n<p>A pris\u00e3o ocorreu enquanto a mulher tentava realizar uma nova transfer\u00eancia banc\u00e1ria, de aproximadamente R$ 300 mil, em uma ag\u00eancia no centro da cidade.<\/p>\n\n\n\n<p>A den\u00fancia chegou at\u00e9 a pol\u00edcia ap\u00f3s o respons\u00e1vel por cuidar da vida financeira da dupla ter desconfiado do comportamento da cuidadora, contratada no final de 2023. O homem possu\u00eda uma procura\u00e7\u00e3o para auxiliar os idosos financeiramente desde 1993.<\/p>\n\n\n\n<p>Em novembro de 2023, em raz\u00e3o da piora de sa\u00fade da idosa, o rapaz e o idoso decidiram contratar a cuidadora, de 42 anos, que teria a obriga\u00e7\u00e3o de cuidar do casal durante o per\u00edodo diurno.<\/p>\n\n\n\n<p>No entanto, cerca de um m\u00eas depois, a cuidadora teria levado o casal de idosos para morar com ela, al\u00e9m de passar a bloquear o contato deles com outras pessoas. Ela teria chegado a proibir a visita do procurador financeiro.<\/p>\n\n\n\n<p>Em contato com o gerente do banco do idoso, o procurador afirma que houve, em 30 dias, a retirada de cerca de R$ 202 mil da conta da v\u00edtima por parte da cuidadora e de um advogado.<\/p>\n\n\n\n<p>No momento em que estava na delegacia, o procurador do casal de idosos recebeu a liga\u00e7\u00e3o do gerente do banco informando que a cuidadora se encontrava na ag\u00eancia, acompanhada dos idosos, a fim de realizar um novo resgate de aproximadamente R$ 300 mil.<\/p>\n\n\n\n<p>Os policiais foram at\u00e9 a ag\u00eancia banc\u00e1ria e surpreenderam a cuidadora, que estava acompanhada tamb\u00e9m do marido. De acordo com o Boletim de Ocorr\u00eancia, questionada pelos policiais, a suspeita do crime deu v\u00e1rias vers\u00f5es contradit\u00f3rias, enquanto o marido dela afirmou desconhecer as transfer\u00eancias banc\u00e1rias.<\/p>\n\n\n\n<p>Na casa onde os idosos eram mantidos, os policiais encontraram rem\u00e9dios e ainda um autom\u00f3vel rec\u00e9m comprado pela cuidadora. Ela afirmou que o idoso teria autorizado a compra do ve\u00edculo para que pudesse lev\u00e1-lo para passear. Ainda segundo o BO, as v\u00edtimas apresentavam confus\u00e3o mental.<\/p>\n\n\n\n<p>A mulher foi presa em flagrante por sequestro, c\u00e1rcere privado e furto qualificado. A Pol\u00edcia Civil segue investigando o caso.<\/p>\n\n\n\n<p><sub><strong>Fonte: G1 Bauru e Mar\u00edlia<\/strong><\/sub><\/p>\n<input type=\"hidden\" id=\"baseurl\" value=\"https:\/\/noticiasregionais.com.br\"><input type=\"hidden\" id=\"audio_nonce\" value=\"533fbb67b1\">","protected":false},"excerpt":{"rendered":"<p>Pris\u00e3o ocorreu enquanto a mulher tentava realizar uma nova transfer\u00eancia banc\u00e1ria, de aproximadamente R$ 300 mil, em uma ag\u00eancia no&hellip;<\/p>\n","protected":false},"author":1,"featured_media":1790,"comment_status":"closed","ping_status":"open","sticky":false,"template":"","format":"standard","meta":{"sfsi_plus_gutenberg_text_before_share":"","sfsi_plus_gutenberg_show_text_before_share":"","sfsi_plus_gutenberg_icon_type":"","sfsi_plus_gutenberg_icon_alignemt":"","sfsi_plus_gutenburg_max_per_row":"","footnotes":""},"categories":[6,10,1],"tags":[],"class_list":["post-1789","post","type-post","status-publish","format-standard","has-post-thumbnail","hentry","category-sao_paulo","category-destaques","category-noticias"],"_links":{"self":[{"href":"https:\/\/noticiasregionais.com.br\/index.php?rest_route=\/wp\/v2\/posts\/1789","targetHints":{"allow":["GET"]}}],"collection":[{"href":"https:\/\/noticiasregionais.com.br\/index.php?rest_route=\/wp\/v2\/posts"}],"about":[{"href":"https:\/\/noticiasregionais.com.br\/index.php?rest_route=\/wp\/v2\/types\/post"}],"author":[{"embeddable":true,"href":"https:\/\/noticiasregionais.com.br\/index.php?rest_route=\/wp\/v2\/users\/1"}],"replies":[{"embeddable":true,"href":"https:\/\/noticiasregionais.com.br\/index.php?rest_route=%2Fwp%2Fv2%2Fcomments&post=1789"}],"version-history":[{"count":1,"href":"https:\/\/noticiasregionais.com.br\/index.php?rest_route=\/wp\/v2\/posts\/1789\/revisions"}],"predecessor-version":[{"id":1791,"href":"https:\/\/noticiasregionais.com.br\/index.php?rest_route=\/wp\/v2\/posts\/1789\/revisions\/1791"}],"wp:featuredmedia":[{"embeddable":true,"href":"https:\/\/noticiasregionais.com.br\/index.php?rest_route=\/wp\/v2\/media\/1790"}],"wp:attachment":[{"href":"https:\/\/noticiasregionais.com.br\/index.php?rest_route=%2Fwp%2Fv2%2Fmedia&parent=1789"}],"wp:term":[{"taxonomy":"category","embeddable":true,"href":"https:\/\/noticiasregionais.com.br\/index.php?rest_route=%2Fwp%2Fv2%2Fcategories&post=1789"},{"taxonomy":"post_tag","embeddable":true,"href":"https:\/\/noticiasregionais.com.br\/index.php?rest_route=%2Fwp%2Fv2%2Ftags&post=1789"}],"curies":[{"name":"wp","href":"https:\/\/api.w.org\/{rel}","templated":true}]}}