{"id":1792,"date":"2024-01-16T08:13:59","date_gmt":"2024-01-16T11:13:59","guid":{"rendered":"https:\/\/noticiasregionais.com.br\/?p=1792"},"modified":"2024-01-16T08:14:11","modified_gmt":"2024-01-16T11:14:11","slug":"vestibulinho-etec-comecou-ontem-o-prazo-para-envio-da-documentacao-de-matricula","status":"publish","type":"post","link":"https:\/\/noticiasregionais.com.br\/?p=1792","title":{"rendered":"Vestibulinho Etec: come\u00e7ou ontem o prazo para envio da documenta\u00e7\u00e3o de matr\u00edcula"},"content":{"rendered":"\n<p class=\"has-text-align-center\"><strong>Candidatos que integram a primeira lista de convoca\u00e7\u00e3o devem realizar o processo at\u00e9 hoje (16) para garantir a vaga<\/strong><\/p>\n\n\n\n<p>Nesta segunda (15) e ter\u00e7a-feira (16), os convocados na primeira chamada do processo seletivo nas Escolas T\u00e9cnicas Estaduais (<a href=\"https:\/\/www.cps.sp.gov.br\/etec\/\" target=\"_blank\" rel=\"noreferrer noopener\">Etecs<\/a>) devem seguir as orienta\u00e7\u00f5es recebidas por e-mail e SMS e encaminhar os documentos comprobat\u00f3rios para garantir a vaga conquistada no&nbsp;<a href=\"https:\/\/www.vestibulinhoetec.com.br\/home\/\" target=\"_blank\" rel=\"noreferrer noopener\">Vestibulinho<\/a>. Caso seja feriado municipal da cidade, a convoca\u00e7\u00e3o e a matr\u00edcula ser\u00e3o realizadas no pr\u00f3ximo dia \u00fatil. O resultado desta etapa ser\u00e1 enviado pelas Etecs, por e-mail, at\u00e9 as 12h do dia 18.<\/p>\n\n\n\n<p>A convoca\u00e7\u00e3o segue o crit\u00e9rio de classifica\u00e7\u00e3o em ordem decrescente de notas, at\u00e9 o preenchimento total das vagas. O candidato convocado para quaisquer dos formatos do Ensino M\u00e9dio, quando menor de 16 anos, deve ir at\u00e9 a unidade escolar acompanhado do seu representante legal com os documentos solicitados pelo processo seletivo para fazer o requerimento. Os convocados para os demais cursos podem optar pela matr\u00edcula de forma remota, por meio do link enviado pela Secretaria Acad\u00eamica da Etec.<\/p>\n\n\n\n<p>Quem foi classificado para a modalidade online ser\u00e1 convocado, exclusivamente, por e-mail. As demais etapas para este formato de curso, como envio de documentos para matr\u00edcula, resultado da an\u00e1lise dos documentos encaminhados, recursos e poss\u00edvel convoca\u00e7\u00e3o para outras poss\u00edveis chamadas tamb\u00e9m ocorrer\u00e3o por email.<\/p>\n\n\n\n<p>Para garantir a vaga conquistada, \u00e9 importante que o futuro aluno apresente todos os documentos comprobat\u00f3rios solicitados. Confira:<\/p>\n\n\n\n<p><strong>Documenta\u00e7\u00e3o<\/strong><\/p>\n\n\n\n<p><strong>Para o Ensino M\u00e9dio Integrado ao T\u00e9cnico, Ensino M\u00e9dio ou para Articula\u00e7\u00e3o dos Ensinos M\u00e9dio -T\u00e9cnico e Superior (AMS)<\/strong><\/p>\n\n\n\n<ul class=\"wp-block-list\">\n<li>Documento de identidade (RG) ou Carteira de Registro Nacional Migrat\u00f3rio (CRNM) ou Carteira Nacional de Habilita\u00e7\u00e3o (CNH);<\/li>\n\n\n\n<li>CPF ou documento que contenha esse n\u00famero;<\/li>\n\n\n\n<li>Uma foto 3\u00d74 recente, com fundo neutro;<\/li>\n\n\n\n<li>Hist\u00f3rico Escolar com certificado de conclus\u00e3o do Ensino Fundamental ou Declara\u00e7\u00e3o de Conclus\u00e3o do Ensino Fundamental, assinada por agente escolar da escola de origem.<\/li>\n<\/ul>\n\n\n\n<p>Quem se inscreveu usando o Sistema de Pontua\u00e7\u00e3o Acrescida do Centro Paula Souza, al\u00e9m dos documentos acima, tamb\u00e9m deve apresentar a Declara\u00e7\u00e3o Escolar ou Hist\u00f3rico Escolar contendo o detalhamento das s\u00e9ries cursadas e o(s) nome(s) da(s) escola(s), comprovando, assim, ter cursado integralmente da 5\u00aa a 8\u00aa s\u00e9rie ou do 6\u00ba ao 9\u00ba ano do Ensino Fundamental em institui\u00e7\u00f5es p\u00fablicas.<\/p>\n\n\n\n<p><strong>Para ingresso no primeiro m\u00f3dulo do Ensino T\u00e9cnico<\/strong><\/p>\n\n\n\n<ul class=\"wp-block-list\">\n<li>Documento de identidade (RG) ou Carteira de Registro Nacional Migrat\u00f3rio (CRNM) ou Carteira Nacional de Habilita\u00e7\u00e3o (CNH);<\/li>\n\n\n\n<li>CPF ou documento que contenha esse n\u00famero;<\/li>\n\n\n\n<li>Uma foto 3\u00d74 recente, com fundo neutro;<\/li>\n\n\n\n<li>Hist\u00f3rico Escolar com Certificado de Conclus\u00e3o do Ensino M\u00e9dio ou Declara\u00e7\u00e3o de Conclus\u00e3o do Ensino M\u00e9dio, emitida pela escola de origem, ou ainda declara\u00e7\u00e3o de que est\u00e1 matriculado a partir da segunda s\u00e9rie do Ensino M\u00e9dio. Caso o aluno tenha conclu\u00eddo ou curse o Ensino de Educa\u00e7\u00e3o de Jovens e Adultos (EJA) ou o Exame Nacional para Certifica\u00e7\u00e3o de Compet\u00eancias de Jovens e Adultos (Encceja) do Ensino M\u00e9dio, tamb\u00e9m ser\u00e1 necess\u00e1rio apresentar os documentos de conclus\u00e3o ou que est\u00e1 matriculado na forma\u00e7\u00e3o;<\/li>\n\n\n\n<li>Quem se inscreveu usando o Sistema de Pontua\u00e7\u00e3o Acrescida do Centro Paula Souza, al\u00e9m dos documentos acima, tamb\u00e9m deve apresentar a Declara\u00e7\u00e3o Escolar ou Hist\u00f3rico Escolar contendo o detalhamento das s\u00e9ries cursadas e o(s) nome(s) da(s) escola(s), comprovando, assim, ter cursado integralmente da 5\u00aa a 8\u00aa s\u00e9rie ou do 6\u00ba ao 9\u00ba ano do Ensino Fundamental em institui\u00e7\u00f5es p\u00fablicas.<\/li>\n<\/ul>\n\n\n\n<p><strong>Para o segundo m\u00f3dulo dos cursos t\u00e9cnicos e vagas remanescentes<\/strong><\/p>\n\n\n\n<ul class=\"wp-block-list\">\n<li>Documento de identidade (RG) ou Carteira de Registro Nacional Migrat\u00f3rio (CRNM) ou Carteira Nacional de Habilita\u00e7\u00e3o (CNH);<\/li>\n\n\n\n<li>CPF ou documento que contenha esse n\u00famero;<\/li>\n\n\n\n<li>Uma foto 3\u00d74 recente, com fundo neutro;<\/li>\n\n\n\n<li>Hist\u00f3rico Escolar com Certificado de Conclus\u00e3o do Ensino M\u00e9dio, declara\u00e7\u00e3o de Conclus\u00e3o do Ensino M\u00e9dio, emitida pela escola de origem, ou declara\u00e7\u00e3o que est\u00e1 matriculado na terceira s\u00e9rie do Ensino M\u00e9dio. Tamb\u00e9m poder\u00e1 ser apresentado certificado de conclus\u00e3o do Ensino M\u00e9dio, expedida por \u00f3rg\u00e3o competente por quem concluiu o Ensino M\u00e9dio por meio de provas ou exames de certifica\u00e7\u00e3o de compet\u00eancias, avalia\u00e7\u00e3o de jovens e adultos, que sejam decorrentes do Exame Nacional do Ensino M\u00e9dio (Enem) at\u00e9 a edi\u00e7\u00e3o de 2016, do Exame Nacional para Certifica\u00e7\u00e3o de Compet\u00eancias de Jovens e Adultos (Encceja) e afins.<\/li>\n<\/ul>\n\n\n\n<p><strong>Para os cursos de Especializa\u00e7\u00e3o T\u00e9cnica de N\u00edvel M\u00e9dio<\/strong><\/p>\n\n\n\n<ul class=\"wp-block-list\">\n<li>Documento de identidade (RG) ou Carteira de Registro Nacional Migrat\u00f3rio (CRNM) ou Carteira Nacional de Habilita\u00e7\u00e3o (CNH);<\/li>\n\n\n\n<li>CPF ou documento que contenha esse n\u00famero;<\/li>\n\n\n\n<li>Uma foto 3\u00d74 recente, com fundo neutro;<\/li>\n\n\n\n<li>Hist\u00f3rico Escolar com Certificado de Conclus\u00e3o de Curso T\u00e9cnico equivalente ao curso escolhido conforme lista dispon\u00edvel no site vestibulinhoetec.com.br. Tamb\u00e9m pode ser apresentada a declara\u00e7\u00e3o de Conclus\u00e3o do Curso T\u00e9cnico equivalente, documento original, emitido pela escola de origem. Para o curso de Especializa\u00e7\u00e3o em Gest\u00e3o de Projetos Online, o candidato poder\u00e1, se for o caso, fazer&nbsp;<em>upload<\/em>&nbsp;do certificado de conclus\u00e3o de um curso do Ensino Superior.<\/li>\n<\/ul>\n\n\n\n<p><strong>Classifica\u00e7\u00e3o geral<\/strong><\/p>\n\n\n\n<p>A lista de classifica\u00e7\u00e3o geral do processo seletivo para o primeiro semestre est\u00e1 dispon\u00edvel para consulta no site&nbsp;<a href=\"http:\/\/www.vestibulinhoetec.com.br\/\" target=\"_blank\" rel=\"noreferrer noopener\">www.vestibulinhoetec.com.br<\/a>. A rela\u00e7\u00e3o traz o nome de todos os inscritos nos cursos t\u00e9cnicos, incluindo os que fizeram a prova de aptid\u00e3o para Canto, Dan\u00e7a, Teatro e Reg\u00eancia, Ensino M\u00e9dio, Ensino M\u00e9dio Integrado ao T\u00e9cnico, Articula\u00e7\u00e3o da Forma\u00e7\u00e3o Profissional M\u00e9dia e Superior (AMS) e Especializa\u00e7\u00e3o T\u00e9cnica, na Etec e Classe Descentralizada.<\/p>\n\n\n\n<p>Outras informa\u00e7\u00f5es pelos telefones (11) 3471-4071 (Capital e Grande S\u00e3o Paulo) e 0800-772 2829 (demais localidades) e pelo site&nbsp;<a href=\"http:\/\/www.vestibulinhoetec.com.br\/\" target=\"_blank\" rel=\"noreferrer noopener\">www.vestibulinhoetec.com.br<\/a>.<\/p>\n<input type=\"hidden\" id=\"baseurl\" value=\"https:\/\/noticiasregionais.com.br\"><input type=\"hidden\" id=\"audio_nonce\" value=\"3cdc555a10\">","protected":false},"excerpt":{"rendered":"<p>Candidatos que integram a primeira lista de convoca\u00e7\u00e3o devem realizar o processo at\u00e9 hoje (16) para garantir a vaga Nesta&hellip;<\/p>\n","protected":false},"author":1,"featured_media":1159,"comment_status":"closed","ping_status":"open","sticky":false,"template":"","format":"standard","meta":{"sfsi_plus_gutenberg_text_before_share":"","sfsi_plus_gutenberg_show_text_before_share":"","sfsi_plus_gutenberg_icon_type":"","sfsi_plus_gutenberg_icon_alignemt":"","sfsi_plus_gutenburg_max_per_row":"","footnotes":""},"categories":[12,1,5],"tags":[],"class_list":["post-1792","post","type-post","status-publish","format-standard","has-post-thumbnail","hentry","category-capa","category-noticias","category-ourinhos"],"_links":{"self":[{"href":"https:\/\/noticiasregionais.com.br\/index.php?rest_route=\/wp\/v2\/posts\/1792","targetHints":{"allow":["GET"]}}],"collection":[{"href":"https:\/\/noticiasregionais.com.br\/index.php?rest_route=\/wp\/v2\/posts"}],"about":[{"href":"https:\/\/noticiasregionais.com.br\/index.php?rest_route=\/wp\/v2\/types\/post"}],"author":[{"embeddable":true,"href":"https:\/\/noticiasregionais.com.br\/index.php?rest_route=\/wp\/v2\/users\/1"}],"replies":[{"embeddable":true,"href":"https:\/\/noticiasregionais.com.br\/index.php?rest_route=%2Fwp%2Fv2%2Fcomments&post=1792"}],"version-history":[{"count":1,"href":"https:\/\/noticiasregionais.com.br\/index.php?rest_route=\/wp\/v2\/posts\/1792\/revisions"}],"predecessor-version":[{"id":1793,"href":"https:\/\/noticiasregionais.com.br\/index.php?rest_route=\/wp\/v2\/posts\/1792\/revisions\/1793"}],"wp:featuredmedia":[{"embeddable":true,"href":"https:\/\/noticiasregionais.com.br\/index.php?rest_route=\/wp\/v2\/media\/1159"}],"wp:attachment":[{"href":"https:\/\/noticiasregionais.com.br\/index.php?rest_route=%2Fwp%2Fv2%2Fmedia&parent=1792"}],"wp:term":[{"taxonomy":"category","embeddable":true,"href":"https:\/\/noticiasregionais.com.br\/index.php?rest_route=%2Fwp%2Fv2%2Fcategories&post=1792"},{"taxonomy":"post_tag","embeddable":true,"href":"https:\/\/noticiasregionais.com.br\/index.php?rest_route=%2Fwp%2Fv2%2Ftags&post=1792"}],"curies":[{"name":"wp","href":"https:\/\/api.w.org\/{rel}","templated":true}]}}