{"id":1798,"date":"2024-01-17T09:03:15","date_gmt":"2024-01-17T12:03:15","guid":{"rendered":"https:\/\/noticiasregionais.com.br\/?p=1798"},"modified":"2024-01-17T09:03:27","modified_gmt":"2024-01-17T12:03:27","slug":"fundo-de-participacao-dos-municipios-2o-decendio-paga-r-19-bilhao-nesta-sexta-feira-19","status":"publish","type":"post","link":"https:\/\/noticiasregionais.com.br\/?p=1798","title":{"rendered":"Fundo de Participa\u00e7\u00e3o dos Municipios: 2\u00ba dec\u00eandio paga R$ 1,9 bilh\u00e3o nesta sexta-feira (19)."},"content":{"rendered":"\n<p class=\"has-text-align-center\"><strong>Do total, R$ 1,6 bi vai para as cidades do interior<\/strong><\/p>\n\n\n\n<p>Nesta sexta-feira (19) ser\u00e1 creditado aos munic\u00edpios brasileiros o segundo repasse do Fundo de Participa\u00e7\u00e3o dos Munic\u00edpios (FPM) de 2024, referente ao 2\u00ba dec\u00eandio. O valor total a ser distribu\u00eddo ser\u00e1 de R$ 1.965.835.809,52. A parcela \u00e9 quase 67% menor que o pagamento do primeiro dec\u00eandio, realizado no \u00faltimo dia 10.&nbsp;<\/p>\n\n\n\n<p>Em rela\u00e7\u00e3o ao segundo dec\u00eandio de 2023 \u2014 quando foram pagos R$ 2,5 bi \u2014 tamb\u00e9m houve redu\u00e7\u00e3o.&nbsp;<\/p>\n\n\n\n<p>Do total, R$ 1.698.482.139,43 v\u00e3o para as cidades do interior e R$ 196.583.580,95 para as capitais do pa\u00eds.&nbsp;<\/p>\n\n\n\n<p>A prefeita da cidade de S\u00e3o Jo\u00e3o d\u2019Alian\u00e7a, em Goi\u00e1s, D\u00e9bora Domingues, fala sobre a import\u00e2ncia do FPM para o seu munic\u00edpio.<\/p>\n\n\n\n<p>\u201cNa verdade, munic\u00edpios do porte do nosso, pequeno e m\u00e9dio porte, e principalmente aqui na regi\u00e3o nordeste do estado de Goi\u00e1s, sobrevivemos de FPM e ICMS (Imposto sobre Circula\u00e7\u00e3o de Mercadorias e Servi\u00e7os). Essas s\u00e3o as nossas receitas, porque n\u00e3o temos ind\u00fastrias, ent\u00e3o a gente acaba sobrevivendo basicamente desses dois impostos\u201d, comenta.&nbsp;<\/p>\n\n\n\n<p>Os valores do FPM s\u00e3o compostos de 22,5% da arrecada\u00e7\u00e3o do Imposto de Renda (IR) e do Imposto sobre Produtos Industrializados (IPI), transferidos pela Uni\u00e3o aos Estados e o Distrito Federal.<\/p>\n\n\n\n<p>Eles s\u00e3o repassados todos os meses, a cada 10 dias, e calculados pelo Tribunal de Contas da Uni\u00e3o (TCU), de acordo com o n\u00famero de habitantes de cada cidade e a renda per capita. Os estados que mais recebem s\u00e3o, respectivamente, S\u00e3o Paulo, Minas Gerais e Bahia.&nbsp;<\/p>\n\n\n\n<p>Fonte: <a href=\"https:\/\/brasil61.com\/n\/fpm-2-decendio-paga-r-1-9-bilhao-nesta-sexta-feira-19-bras2410675\" target=\"_blank\" rel=\"noreferrer noopener\">Brasil 61<\/a><\/p>\n<input type=\"hidden\" id=\"baseurl\" value=\"https:\/\/noticiasregionais.com.br\"><input type=\"hidden\" id=\"audio_nonce\" value=\"533fbb67b1\">","protected":false},"excerpt":{"rendered":"<p>Do total, R$ 1,6 bi vai para as cidades do interior Nesta sexta-feira (19) ser\u00e1 creditado aos munic\u00edpios brasileiros o&hellip;<\/p>\n","protected":false},"author":1,"featured_media":1004,"comment_status":"closed","ping_status":"open","sticky":false,"template":"","format":"standard","meta":{"sfsi_plus_gutenberg_text_before_share":"","sfsi_plus_gutenberg_show_text_before_share":"","sfsi_plus_gutenberg_icon_type":"","sfsi_plus_gutenberg_icon_alignemt":"","sfsi_plus_gutenburg_max_per_row":"","footnotes":""},"categories":[8,10,1],"tags":[],"class_list":["post-1798","post","type-post","status-publish","format-standard","has-post-thumbnail","hentry","category-brasil","category-destaques","category-noticias"],"_links":{"self":[{"href":"https:\/\/noticiasregionais.com.br\/index.php?rest_route=\/wp\/v2\/posts\/1798","targetHints":{"allow":["GET"]}}],"collection":[{"href":"https:\/\/noticiasregionais.com.br\/index.php?rest_route=\/wp\/v2\/posts"}],"about":[{"href":"https:\/\/noticiasregionais.com.br\/index.php?rest_route=\/wp\/v2\/types\/post"}],"author":[{"embeddable":true,"href":"https:\/\/noticiasregionais.com.br\/index.php?rest_route=\/wp\/v2\/users\/1"}],"replies":[{"embeddable":true,"href":"https:\/\/noticiasregionais.com.br\/index.php?rest_route=%2Fwp%2Fv2%2Fcomments&post=1798"}],"version-history":[{"count":1,"href":"https:\/\/noticiasregionais.com.br\/index.php?rest_route=\/wp\/v2\/posts\/1798\/revisions"}],"predecessor-version":[{"id":1799,"href":"https:\/\/noticiasregionais.com.br\/index.php?rest_route=\/wp\/v2\/posts\/1798\/revisions\/1799"}],"wp:featuredmedia":[{"embeddable":true,"href":"https:\/\/noticiasregionais.com.br\/index.php?rest_route=\/wp\/v2\/media\/1004"}],"wp:attachment":[{"href":"https:\/\/noticiasregionais.com.br\/index.php?rest_route=%2Fwp%2Fv2%2Fmedia&parent=1798"}],"wp:term":[{"taxonomy":"category","embeddable":true,"href":"https:\/\/noticiasregionais.com.br\/index.php?rest_route=%2Fwp%2Fv2%2Fcategories&post=1798"},{"taxonomy":"post_tag","embeddable":true,"href":"https:\/\/noticiasregionais.com.br\/index.php?rest_route=%2Fwp%2Fv2%2Ftags&post=1798"}],"curies":[{"name":"wp","href":"https:\/\/api.w.org\/{rel}","templated":true}]}}