{"id":1800,"date":"2024-01-17T09:11:09","date_gmt":"2024-01-17T12:11:09","guid":{"rendered":"https:\/\/noticiasregionais.com.br\/?p=1800"},"modified":"2024-01-17T09:11:20","modified_gmt":"2024-01-17T12:11:20","slug":"viuva-e-empresario-de-pele-brigam-na-justica-por-fatia-da-heranca-do-ex-jogador","status":"publish","type":"post","link":"https:\/\/noticiasregionais.com.br\/?p=1800","title":{"rendered":"Vi\u00fava e empres\u00e1rio de Pel\u00e9 brigam na Justi\u00e7a por fatia da heran\u00e7a do ex-jogador"},"content":{"rendered":"\n<p class=\"has-text-align-center\"><strong>Cerca de um ano ap\u00f3s a morte de Pel\u00e9, uma disputa na Justi\u00e7a envolvendo a heran\u00e7a do Rei do futebol coloca de lados opostos a vi\u00fava do ex-jogador e seu assessor e empres\u00e1rio.<\/strong><\/p>\n\n\n\n<p>Cerca de um ano ap\u00f3s a morte de Edson Arantes do Nascimento, o Pel\u00e9, uma disputa na Justi\u00e7a envolvendo a heran\u00e7a do Rei do futebol coloca de lados opostos a vi\u00fava do ex-jogador, M\u00e1rcia Aoki, e Jos\u00e9 Fornos, o Pepito, que atuou por cerca de 50 anos como seu assessor e empres\u00e1rio.<\/p>\n\n\n\n<p>A disputa envolve a heran\u00e7a deixada pelo eterno camisa 10 do Santos e da sele\u00e7\u00e3o brasileira. Fornos, por decis\u00e3o do pr\u00f3prio Pel\u00e9, \u00e9 o testamenteiro do esp\u00f3lio deixado pelo ex-jogador. Em junho de 2023, ele solicitou \u00e0 Justi\u00e7a de S\u00e3o Paulo um percentual de 5% sobre o valor da heran\u00e7a pela fun\u00e7\u00e3o. O valor pode variar entre 1% a 5%, a depender da complexidade de cada caso.<\/p>\n\n\n\n<p>A defesa da vi\u00fava questiona o pedido, por entender que Pepito n\u00e3o adotou nenhuma medida que lhe cabia enquanto testamenteiro.<\/p>\n\n\n\n<p>&#8220;A fun\u00e7\u00e3o do testamenteiro \u00e9, principalmente, atuar em defesa do testamento quando h\u00e1 algum tipo de lit\u00edgio entre as partes beneficiadas. Mas nenhuma das partes contestou o testamento. Nem a M\u00e1rcia, nem os filhos do Pel\u00e9&#8221;, diz Luiz Kignel, advogado do escrit\u00f3rio PLKC Advogados, que atua em defesa da vi\u00fava de Pel\u00e9.<\/p>\n\n\n\n<p>Kignel acrescenta que Pel\u00e9 nomeou Fornos como o seu testamenteiro, mas n\u00e3o estipulou nenhum valor a que o amigo teria direito por conta disso. &#8220;O Pepito n\u00e3o tomou nenhuma provid\u00eancia no processo do testamento. N\u00e3o providenciou a documenta\u00e7\u00e3o e nem tinha uma c\u00f3pia do testamento&#8221;, afirma o advogado de M\u00e1rcia Aoki.<\/p>\n\n\n\n<p>Ele diz ainda que o pedido dos 5% foi feito por Fornos sem nenhuma consulta \u00e0 vi\u00fava ou aos filhos de Pel\u00e9, que apoiaram o questionamento feito acerca da remunera\u00e7\u00e3o solicitada. &#8220;Respeitando a decis\u00e3o do Pel\u00e9, o Pepito continua como testamenteiro, mas n\u00e3o h\u00e1 porque remuner\u00e1-lo em 5%&#8221;.<\/p>\n\n\n\n<p>Segundo Kignel, a ju\u00edza do processo, Suzana Pereira da Silva, determinou que ela ir\u00e1 decidir a respeito de qual a remunera\u00e7\u00e3o a que o testamenteiro ter\u00e1 direito apenas quando o invent\u00e1rio estiver conclu\u00eddo -o processo est\u00e1 em curso e ainda depende do levantamento de todo patrim\u00f4nio deixado pelo Rei, que est\u00e1 sendo feito pelo inventariante Edinho, ex-goleiro do Santos e filho de Pel\u00e9.<\/p>\n\n\n\n<p>Segundo Victor Hadid, do escrit\u00f3rio FAS Advogados, que atua na defesa de Jos\u00e9 Fornos, seu cliente n\u00e3o adotou as medidas que lhe cabiam porque ele n\u00e3o sabia que havia sido nomeado por Pel\u00e9 como seu testamenteiro.<\/p>\n\n\n\n<p>&#8220;O testamento \u00e9 privado e sigiloso, n\u00e3o tinha como ele saber que era o testamenteiro. O Pepito s\u00f3 ficou sabendo [que Pel\u00e9 o nomeou] depois [de algumas semanas ap\u00f3s a morte do ex-jogador]&#8221;, afirma Hadid.<\/p>\n\n\n\n<p>O advogado de Fornos defende que o pleito de 5% deve ser aceito pela ju\u00edza do processo pelo fato de se tratar de um invent\u00e1rio &#8220;muito complexo, com muitos direitos a serem compartilhados, j\u00e1 que [o esp\u00f3lio de Pel\u00e9] se trata de uma das marcas mais reconhecidas no mundo&#8221;.<\/p>\n\n\n\n<p>Hadid acrescenta que, considerando esse aspecto, &#8220;muito provavelmente&#8221; a remunera\u00e7\u00e3o a que Fornos tem direito com base na heran\u00e7a ser\u00e1 estabelecida em 5%, mas assinala que a decis\u00e3o ainda n\u00e3o tem prazo para ser conhecida.<\/p>\n\n\n\n<p>O processo corre em segredo de Justi\u00e7a na 2\u00aa Vara da Fam\u00edlia e das Sucess\u00f5es da Comarca de Santos.<\/p>\n\n\n\n<p>Tricampe\u00e3o mundial com a sele\u00e7\u00e3o brasileira, Pel\u00e9 morreu no dia 29 de dezembro de 2022, aos 82 anos, por fal\u00eancia de m\u00faltiplos \u00f3rg\u00e3os decorrente de um c\u00e2ncer no c\u00f3lon.<\/p>\n\n\n\n<p>Ele teve sete filhos: Edinho, Kely Cristina e Jennifer, frutos do seu casamento com Rosemeri dos Reis Cholbi. Da rela\u00e7\u00e3o com a cantora gospel Ass\u00edria Lemos nasceram os g\u00eameos Joshua e Celeste.<\/p>\n\n\n\n<p>Pel\u00e9 teve ainda duas filhas fora do casamento: Sandra Regina Machado, reconhecida apenas na Justi\u00e7a e que morreu em 2006 devido a um c\u00e2ncer de mama, e Flavia Cristina, tamb\u00e9m admitida como filha pelo ex-jogador apenas quando j\u00e1 adulta, mas sem batalha judicial.<\/p>\n\n\n\n<p><strong><sub>fonte: Sampi \/ Folhapress<\/sub><\/strong><\/p>\n<input type=\"hidden\" id=\"baseurl\" value=\"https:\/\/noticiasregionais.com.br\"><input type=\"hidden\" id=\"audio_nonce\" value=\"533fbb67b1\">","protected":false},"excerpt":{"rendered":"<p>Cerca de um ano ap\u00f3s a morte de Pel\u00e9, uma disputa na Justi\u00e7a envolvendo a heran\u00e7a do Rei do futebol&hellip;<\/p>\n","protected":false},"author":1,"featured_media":1801,"comment_status":"closed","ping_status":"open","sticky":false,"template":"","format":"standard","meta":{"sfsi_plus_gutenberg_text_before_share":"","sfsi_plus_gutenberg_show_text_before_share":"","sfsi_plus_gutenberg_icon_type":"","sfsi_plus_gutenberg_icon_alignemt":"","sfsi_plus_gutenburg_max_per_row":"","footnotes":""},"categories":[8,12,1],"tags":[],"class_list":["post-1800","post","type-post","status-publish","format-standard","has-post-thumbnail","hentry","category-brasil","category-capa","category-noticias"],"_links":{"self":[{"href":"https:\/\/noticiasregionais.com.br\/index.php?rest_route=\/wp\/v2\/posts\/1800","targetHints":{"allow":["GET"]}}],"collection":[{"href":"https:\/\/noticiasregionais.com.br\/index.php?rest_route=\/wp\/v2\/posts"}],"about":[{"href":"https:\/\/noticiasregionais.com.br\/index.php?rest_route=\/wp\/v2\/types\/post"}],"author":[{"embeddable":true,"href":"https:\/\/noticiasregionais.com.br\/index.php?rest_route=\/wp\/v2\/users\/1"}],"replies":[{"embeddable":true,"href":"https:\/\/noticiasregionais.com.br\/index.php?rest_route=%2Fwp%2Fv2%2Fcomments&post=1800"}],"version-history":[{"count":1,"href":"https:\/\/noticiasregionais.com.br\/index.php?rest_route=\/wp\/v2\/posts\/1800\/revisions"}],"predecessor-version":[{"id":1802,"href":"https:\/\/noticiasregionais.com.br\/index.php?rest_route=\/wp\/v2\/posts\/1800\/revisions\/1802"}],"wp:featuredmedia":[{"embeddable":true,"href":"https:\/\/noticiasregionais.com.br\/index.php?rest_route=\/wp\/v2\/media\/1801"}],"wp:attachment":[{"href":"https:\/\/noticiasregionais.com.br\/index.php?rest_route=%2Fwp%2Fv2%2Fmedia&parent=1800"}],"wp:term":[{"taxonomy":"category","embeddable":true,"href":"https:\/\/noticiasregionais.com.br\/index.php?rest_route=%2Fwp%2Fv2%2Fcategories&post=1800"},{"taxonomy":"post_tag","embeddable":true,"href":"https:\/\/noticiasregionais.com.br\/index.php?rest_route=%2Fwp%2Fv2%2Ftags&post=1800"}],"curies":[{"name":"wp","href":"https:\/\/api.w.org\/{rel}","templated":true}]}}