{"id":1803,"date":"2024-01-17T09:24:58","date_gmt":"2024-01-17T12:24:58","guid":{"rendered":"https:\/\/noticiasregionais.com.br\/?p=1803"},"modified":"2024-01-17T09:25:10","modified_gmt":"2024-01-17T12:25:10","slug":"cart-interdita-alcas-da-orlando-quagliato-para-reparos-no-pavimento","status":"publish","type":"post","link":"https:\/\/noticiasregionais.com.br\/?p=1803","title":{"rendered":"CART interdita al\u00e7as da Orlando Quagliato para reparos no \u200e\u200epavimento"},"content":{"rendered":"\n<p class=\"has-text-align-center\"><strong>Interven\u00e7\u00e3o ocorre entre Bauru e Ourinhos nesta quarta-feira e exige \u200einterdi\u00e7\u00e3o total das al\u00e7as de entrada e sa\u00edda da SP 327<\/strong><\/p>\n\n\n\n<p>A CART Concession\u00e1ria de Rodovias realizar\u00e1 obras de reparo no pavimento da SP 327 &#8211; Rodovia Orlando Quagliato, entre Bauru e Ourinhos. Para isso, \u00e9 necess\u00e1ria a interdi\u00e7\u00e3o total da al\u00e7a de sa\u00edda, no sentido Oeste, e da al\u00e7a de entrada, no sentido Leste, do dispositivo do km 10+900, da SP 327. A execu\u00e7\u00e3o est\u00e1 programada para o dia 17.<\/p>\n\n\n\n<p>Assim, os usu\u00e1rios que estiverem transitando sentido Bauru (leste) e desejarem retornar, precisar\u00e3o se deslocar at\u00e9 o dispositivo do km 07+250 e realizar a manobra. Os usu\u00e1rios que transitarem sentido Ourinhos (oeste) e necessitarem retornar dever\u00e3o ter aten\u00e7\u00e3o redobrada pois, apesar da al\u00e7a de entrada estar aberta, haver\u00e1 obras nas imedia\u00e7\u00f5es.<\/p>\n\n\n\n<p>Os trabalhos de manuten\u00e7\u00e3o da CART t\u00eam como objetivo assegurar a \u200equalidade e a durabilidade da infraestrutura vi\u00e1ria, promovendo \u200eviagens mais seguras e confort\u00e1veis aos usu\u00e1rios.\u200e O local estar\u00e1 devidamente sinalizado e, em caso de chuva, o \u200eservi\u00e7o ser\u00e1 reagendado. Para que os motoristas possam seguir \u200eviagem com \u200eseguran\u00e7a, a CART orienta aos usu\u00e1rios reduzirem a \u200evelocidade, respeitar a \u200esinaliza\u00e7\u00e3o do local e jamais parar para \u200eobservar a movimenta\u00e7\u00e3o de homens e \u200em\u00e1quinas.<\/p>\n<input type=\"hidden\" id=\"baseurl\" value=\"https:\/\/noticiasregionais.com.br\"><input type=\"hidden\" id=\"audio_nonce\" value=\"533fbb67b1\">","protected":false},"excerpt":{"rendered":"<p>Interven\u00e7\u00e3o ocorre entre Bauru e Ourinhos nesta quarta-feira e exige \u200einterdi\u00e7\u00e3o total das al\u00e7as de entrada e sa\u00edda da SP&hellip;<\/p>\n","protected":false},"author":1,"featured_media":1804,"comment_status":"closed","ping_status":"open","sticky":false,"template":"","format":"standard","meta":{"sfsi_plus_gutenberg_text_before_share":"","sfsi_plus_gutenberg_show_text_before_share":"","sfsi_plus_gutenberg_icon_type":"","sfsi_plus_gutenberg_icon_alignemt":"","sfsi_plus_gutenburg_max_per_row":"","footnotes":""},"categories":[6,10,1],"tags":[],"class_list":["post-1803","post","type-post","status-publish","format-standard","has-post-thumbnail","hentry","category-sao_paulo","category-destaques","category-noticias"],"_links":{"self":[{"href":"https:\/\/noticiasregionais.com.br\/index.php?rest_route=\/wp\/v2\/posts\/1803","targetHints":{"allow":["GET"]}}],"collection":[{"href":"https:\/\/noticiasregionais.com.br\/index.php?rest_route=\/wp\/v2\/posts"}],"about":[{"href":"https:\/\/noticiasregionais.com.br\/index.php?rest_route=\/wp\/v2\/types\/post"}],"author":[{"embeddable":true,"href":"https:\/\/noticiasregionais.com.br\/index.php?rest_route=\/wp\/v2\/users\/1"}],"replies":[{"embeddable":true,"href":"https:\/\/noticiasregionais.com.br\/index.php?rest_route=%2Fwp%2Fv2%2Fcomments&post=1803"}],"version-history":[{"count":1,"href":"https:\/\/noticiasregionais.com.br\/index.php?rest_route=\/wp\/v2\/posts\/1803\/revisions"}],"predecessor-version":[{"id":1805,"href":"https:\/\/noticiasregionais.com.br\/index.php?rest_route=\/wp\/v2\/posts\/1803\/revisions\/1805"}],"wp:featuredmedia":[{"embeddable":true,"href":"https:\/\/noticiasregionais.com.br\/index.php?rest_route=\/wp\/v2\/media\/1804"}],"wp:attachment":[{"href":"https:\/\/noticiasregionais.com.br\/index.php?rest_route=%2Fwp%2Fv2%2Fmedia&parent=1803"}],"wp:term":[{"taxonomy":"category","embeddable":true,"href":"https:\/\/noticiasregionais.com.br\/index.php?rest_route=%2Fwp%2Fv2%2Fcategories&post=1803"},{"taxonomy":"post_tag","embeddable":true,"href":"https:\/\/noticiasregionais.com.br\/index.php?rest_route=%2Fwp%2Fv2%2Ftags&post=1803"}],"curies":[{"name":"wp","href":"https:\/\/api.w.org\/{rel}","templated":true}]}}