{"id":181,"date":"2023-09-03T09:23:01","date_gmt":"2023-09-03T12:23:01","guid":{"rendered":"https:\/\/noticiasregionais.com.br\/?p=181"},"modified":"2023-09-03T09:23:01","modified_gmt":"2023-09-03T12:23:01","slug":"sete-pessoas-morrem-em-acidente-envolvendo-dezenas-de-veiculos-em-rodovia-no-pr","status":"publish","type":"post","link":"https:\/\/noticiasregionais.com.br\/?p=181","title":{"rendered":"Sete pessoas morrem em acidente envolvendo dezenas de ve\u00edculos em rodovia no PR"},"content":{"rendered":"\n<p>Um engavetamento envolvendo caminh\u00f5es e ve\u00edculos de passeio na BR-277, na altura de Balsa Nova (PR), neste s\u00e1bado (2), provocou a morte de ao menos sete pessoas, de acordo com a PRF (Pol\u00edcia Rodovi\u00e1ria Federal) no Paran\u00e1.<\/p>\n\n\n\n<p>O acidente provocou explos\u00f5es e inc\u00eandio em alguns caminh\u00f5es. Ainda havia v\u00edtimas presas \u00e0s ferragens no local na noite de s\u00e1bado.<\/p>\n\n\n\n<p>As colis\u00f5es em sequ\u00eancia ocorreram na altura do km 136. A rodovia est\u00e1 fechada no sentido Ponta Grossa e parcialmente bloqueada na pista que segue para Curitiba.<\/p>\n\n\n\n<p>Ainda n\u00e3o h\u00e1 informa\u00e7\u00f5es sobre as causas do acidente. O caso ser\u00e1 investigado pela Pol\u00edcia Civil.<\/p>\n\n\n\n<p>fonte: Sampi \/ Folhapress<\/p>\n<input type=\"hidden\" id=\"baseurl\" value=\"https:\/\/noticiasregionais.com.br\"><input type=\"hidden\" id=\"audio_nonce\" value=\"533fbb67b1\">","protected":false},"excerpt":{"rendered":"<p>Um engavetamento envolvendo caminh\u00f5es e ve\u00edculos de passeio na BR-277, na altura de Balsa Nova (PR), neste s\u00e1bado (2), provocou&hellip;<\/p>\n","protected":false},"author":1,"featured_media":182,"comment_status":"closed","ping_status":"open","sticky":false,"template":"","format":"standard","meta":{"sfsi_plus_gutenberg_text_before_share":"","sfsi_plus_gutenberg_show_text_before_share":"","sfsi_plus_gutenberg_icon_type":"","sfsi_plus_gutenberg_icon_alignemt":"","sfsi_plus_gutenburg_max_per_row":"","footnotes":""},"categories":[12,1,7],"tags":[],"class_list":["post-181","post","type-post","status-publish","format-standard","has-post-thumbnail","hentry","category-capa","category-noticias","category-parana"],"_links":{"self":[{"href":"https:\/\/noticiasregionais.com.br\/index.php?rest_route=\/wp\/v2\/posts\/181","targetHints":{"allow":["GET"]}}],"collection":[{"href":"https:\/\/noticiasregionais.com.br\/index.php?rest_route=\/wp\/v2\/posts"}],"about":[{"href":"https:\/\/noticiasregionais.com.br\/index.php?rest_route=\/wp\/v2\/types\/post"}],"author":[{"embeddable":true,"href":"https:\/\/noticiasregionais.com.br\/index.php?rest_route=\/wp\/v2\/users\/1"}],"replies":[{"embeddable":true,"href":"https:\/\/noticiasregionais.com.br\/index.php?rest_route=%2Fwp%2Fv2%2Fcomments&post=181"}],"version-history":[{"count":1,"href":"https:\/\/noticiasregionais.com.br\/index.php?rest_route=\/wp\/v2\/posts\/181\/revisions"}],"predecessor-version":[{"id":183,"href":"https:\/\/noticiasregionais.com.br\/index.php?rest_route=\/wp\/v2\/posts\/181\/revisions\/183"}],"wp:featuredmedia":[{"embeddable":true,"href":"https:\/\/noticiasregionais.com.br\/index.php?rest_route=\/wp\/v2\/media\/182"}],"wp:attachment":[{"href":"https:\/\/noticiasregionais.com.br\/index.php?rest_route=%2Fwp%2Fv2%2Fmedia&parent=181"}],"wp:term":[{"taxonomy":"category","embeddable":true,"href":"https:\/\/noticiasregionais.com.br\/index.php?rest_route=%2Fwp%2Fv2%2Fcategories&post=181"},{"taxonomy":"post_tag","embeddable":true,"href":"https:\/\/noticiasregionais.com.br\/index.php?rest_route=%2Fwp%2Fv2%2Ftags&post=181"}],"curies":[{"name":"wp","href":"https:\/\/api.w.org\/{rel}","templated":true}]}}