{"id":1812,"date":"2024-01-18T19:09:39","date_gmt":"2024-01-18T22:09:39","guid":{"rendered":"https:\/\/noticiasregionais.com.br\/?p=1812"},"modified":"2024-01-18T19:09:51","modified_gmt":"2024-01-18T22:09:51","slug":"ex-aluno-de-fatec-e-destaque-na-ultima-edicao-forbes-under-30-brasil","status":"publish","type":"post","link":"https:\/\/noticiasregionais.com.br\/?p=1812","title":{"rendered":"Ex-aluno de Fatec \u00e9 destaque na \u00faltima edi\u00e7\u00e3o Forbes Under 30 Brasil"},"content":{"rendered":"\n<p class=\"has-text-align-center\"><strong>Na edi\u00e7\u00e3o de 2023, a revista destaca os mais brilhantes empreendedores e criadores de at\u00e9 30 anos que revolucionam os neg\u00f3cios<\/strong><\/p>\n\n\n\n<p>Na edi\u00e7\u00e3o da revista&nbsp;<em>Forbes Under 30 Brasil<\/em>&nbsp;publicada no fim de 2023, um nome \u00e9 familiar \u00e0 comunidade da Faculdade de Tecnologia do Estado (<a href=\"http:\/\/www.fatecsp.br\/\" target=\"_blank\" rel=\"noreferrer noopener\">Fatec<\/a>) Taquaritinga: Pablo Zaniolo. A publica\u00e7\u00e3o traz uma lista com nomes dos 90 jovens que mais se destacaram ao longo do ano e o ex-aluno est\u00e1 entre eles.<\/p>\n\n\n\n<p>Desde 2014, a lista&nbsp;<em>Forbes Under 30 Brasil<\/em>&nbsp;destaca os mais brilhantes empreendedores, criadores e game-changers de at\u00e9 30 anos que revolucionam os neg\u00f3cios e transformam o mundo.<\/p>\n\n\n\n<p>Em 2018, ano em que se formou em An\u00e1lise e Desenvolvimento de Sistemas, Zaniolo se associou a outros dois ex-alunos da unidade, Igl\u00e1 Generoso e Gustavo Pereira, para fundar a&nbsp;<em>Digital Innovation One<\/em>&nbsp;(<a href=\"http:\/\/www.dio.me\/\" target=\"_blank\" rel=\"noreferrer noopener\">DIO<\/a>). Trata-se de uma plataforma de educa\u00e7\u00e3o tecnol\u00f3gica aberta focada, principalmente, na empregabilidade e na redu\u00e7\u00e3o da escassez de m\u00e3o de obra qualificada em desenvolvimento de softwares e novas tecnologias.<\/p>\n\n\n\n<p>Se em 2020 a&nbsp;startup&nbsp;sediada em Araraquara contabilizava 100 mil usu\u00e1rios cadastrados, em 2023 esse n\u00famero subiu para 1,3 milh\u00e3o. O sucesso da plataforma se deve aos&nbsp;<em>bootcamps<\/em>&nbsp;\u2013 treinamentos intensivos online para quem quer ingressar na \u00e1rea da tecnologia \u2013 e \u00e0s acelera\u00e7\u00f5es, programas de aperfei\u00e7oamento em parceria com algumas das maiores empresas globais. Ambos s\u00e3o 100% gratuitos.<\/p>\n\n\n\n<p><strong>Novo modelo<\/strong><\/p>\n\n\n\n<p>\u201cOs&nbsp;<em>bootcamps<\/em>&nbsp;e as acelera\u00e7\u00f5es s\u00e3o o carro-chefe da Dio\u201d, resume Zaniolo, lembrando que a plataforma oferece tamb\u00e9m dois modelos de assinatura pagos:&nbsp;a Dio Pro, para quem deseja aprofundar seus conhecimentos ap\u00f3s os&nbsp;<em>bootcamps<\/em>, e a Dio Global, com aulas de ingl\u00eas para os que buscam oportunidades no mercado internacional.<\/p>\n\n\n\n<p>As qualifica\u00e7\u00f5es s\u00e3o financiadas por empresas parceiras dispostas a empregar os estudantes ou promover o aperfei\u00e7oamento de seus funcion\u00e1rios. Hoje, o ecossistema da&nbsp;startup&nbsp;conta com mais de 1.3 milh\u00e3o de profissionais de tecnologia, 2.500 campus universit\u00e1rios plugados no ecossistema, 3.500 embaixadores universit\u00e1rios inspirando suas comunidades acad\u00eamicas e 75 empresas globais. Al\u00e9m disso, impacta aproximadamente 9 milh\u00f5es de pessoas por meio de programas educacionais.<\/p>\n\n\n\n<p><strong>Aprendizado da Fatec e olhos no futuro<\/strong><\/p>\n\n\n\n<p>Na Fatec, o ex-estudante participou de um grupo de inicia\u00e7\u00e3o cient\u00edfica em Engenharia de Software. \u201cNesse grupo tive a oportunidade de desenvolver projetos reais e aperfei\u00e7oar habilidades como lideran\u00e7a\u201d, relembra.<\/p>\n\n\n\n<p>Ele destaca a import\u00e2ncia da forma\u00e7\u00e3o para as carreiras do futuro, especialmente em um mundo onde a Intelig\u00eancia Artificial est\u00e1 cada vez mais presente.<\/p>\n\n\n\n<p>\u201cA DIO oferece cursos que preparam os estudantes para as carreiras do futuro\u201d, diz Zaniolo, que atribui seu reconhecimento na Forbes ao sucesso coletivo da DIO. \u201cSe a plataforma n\u00e3o tivesse conseguido colocar tantas pessoas no mercado, eu jamais teria sido reconhecido como Forbes Under 30. Nosso sucesso coletivo \u00e9 muito importante.\u201d<\/p>\n<input type=\"hidden\" id=\"baseurl\" value=\"https:\/\/noticiasregionais.com.br\"><input type=\"hidden\" id=\"audio_nonce\" value=\"533fbb67b1\">","protected":false},"excerpt":{"rendered":"<p>Na edi\u00e7\u00e3o de 2023, a revista destaca os mais brilhantes empreendedores e criadores de at\u00e9 30 anos que revolucionam os&hellip;<\/p>\n","protected":false},"author":1,"featured_media":1813,"comment_status":"closed","ping_status":"open","sticky":false,"template":"","format":"standard","meta":{"sfsi_plus_gutenberg_text_before_share":"","sfsi_plus_gutenberg_show_text_before_share":"","sfsi_plus_gutenberg_icon_type":"","sfsi_plus_gutenberg_icon_alignemt":"","sfsi_plus_gutenburg_max_per_row":"","footnotes":""},"categories":[6,10,1],"tags":[],"class_list":["post-1812","post","type-post","status-publish","format-standard","has-post-thumbnail","hentry","category-sao_paulo","category-destaques","category-noticias"],"_links":{"self":[{"href":"https:\/\/noticiasregionais.com.br\/index.php?rest_route=\/wp\/v2\/posts\/1812","targetHints":{"allow":["GET"]}}],"collection":[{"href":"https:\/\/noticiasregionais.com.br\/index.php?rest_route=\/wp\/v2\/posts"}],"about":[{"href":"https:\/\/noticiasregionais.com.br\/index.php?rest_route=\/wp\/v2\/types\/post"}],"author":[{"embeddable":true,"href":"https:\/\/noticiasregionais.com.br\/index.php?rest_route=\/wp\/v2\/users\/1"}],"replies":[{"embeddable":true,"href":"https:\/\/noticiasregionais.com.br\/index.php?rest_route=%2Fwp%2Fv2%2Fcomments&post=1812"}],"version-history":[{"count":1,"href":"https:\/\/noticiasregionais.com.br\/index.php?rest_route=\/wp\/v2\/posts\/1812\/revisions"}],"predecessor-version":[{"id":1814,"href":"https:\/\/noticiasregionais.com.br\/index.php?rest_route=\/wp\/v2\/posts\/1812\/revisions\/1814"}],"wp:featuredmedia":[{"embeddable":true,"href":"https:\/\/noticiasregionais.com.br\/index.php?rest_route=\/wp\/v2\/media\/1813"}],"wp:attachment":[{"href":"https:\/\/noticiasregionais.com.br\/index.php?rest_route=%2Fwp%2Fv2%2Fmedia&parent=1812"}],"wp:term":[{"taxonomy":"category","embeddable":true,"href":"https:\/\/noticiasregionais.com.br\/index.php?rest_route=%2Fwp%2Fv2%2Fcategories&post=1812"},{"taxonomy":"post_tag","embeddable":true,"href":"https:\/\/noticiasregionais.com.br\/index.php?rest_route=%2Fwp%2Fv2%2Ftags&post=1812"}],"curies":[{"name":"wp","href":"https:\/\/api.w.org\/{rel}","templated":true}]}}