{"id":1815,"date":"2024-01-18T20:09:46","date_gmt":"2024-01-18T23:09:46","guid":{"rendered":"https:\/\/noticiasregionais.com.br\/?p=1815"},"modified":"2024-01-18T20:09:57","modified_gmt":"2024-01-18T23:09:57","slug":"ourinhos-passa-a-fazer-parte-do-sistema-nacional-de-seguranca-alimentar-e-nutricional-sisan","status":"publish","type":"post","link":"https:\/\/noticiasregionais.com.br\/?p=1815","title":{"rendered":"Ourinhos passa a fazer parte do Sistema Nacional de Seguran\u00e7a Alimentar e Nutricional (SISAN)"},"content":{"rendered":"\n<p>O Governo Federal publicou no dia 21 de dezembro de 2023 uma resolu\u00e7\u00e3o no Di\u00e1rio Oficial da Uni\u00e3o que incluiu o munic\u00edpio de Ourinhos como aderente ao Sistema Nacional de Seguran\u00e7a Alimentar e Nutricional (SISAN), complementando os esfor\u00e7os para cumprimento do direito humano a uma alimenta\u00e7\u00e3o adequada, com empenho entre os governos e a sociedade civil, sempre com acompanhamento, monitoramento e avalia\u00e7\u00e3o das a\u00e7\u00f5es referentes ao tema.<\/p>\n\n\n\n<p>\u201cNossa gest\u00e3o batalhou arduamente nos \u00faltimos tr\u00eas anos para conseguir esse feito, com cria\u00e7\u00e3o da lei municipal sobre o tema em 2021, abertura de Conselho Municipal, C\u00e2mara Intersetorial e participa\u00e7\u00e3o ativa nas confer\u00eancias do estado e na nacional. Este \u00e9 um passo muito importante para a pol\u00edtica de seguran\u00e7a alimentar ser efetivada e se tornar permanente, pois deixa a cidade apta a receber verbas dos programas de seguran\u00e7a alimentar, que proporcionar\u00e3o o refor\u00e7o e novas a\u00e7\u00f5es de combate \u00e0 fome e ao desenvolvimento humano com sa\u00fade\u201d, explicou a secret\u00e1ria municipal Viviane Barros.<\/p>\n<input type=\"hidden\" id=\"baseurl\" value=\"https:\/\/noticiasregionais.com.br\"><input type=\"hidden\" id=\"audio_nonce\" value=\"533fbb67b1\">","protected":false},"excerpt":{"rendered":"<p>O Governo Federal publicou no dia 21 de dezembro de 2023 uma resolu\u00e7\u00e3o no Di\u00e1rio Oficial da Uni\u00e3o que incluiu&hellip;<\/p>\n","protected":false},"author":1,"featured_media":1816,"comment_status":"closed","ping_status":"open","sticky":false,"template":"","format":"standard","meta":{"sfsi_plus_gutenberg_text_before_share":"","sfsi_plus_gutenberg_show_text_before_share":"","sfsi_plus_gutenberg_icon_type":"","sfsi_plus_gutenberg_icon_alignemt":"","sfsi_plus_gutenburg_max_per_row":"","footnotes":""},"categories":[5,10,1],"tags":[],"class_list":["post-1815","post","type-post","status-publish","format-standard","has-post-thumbnail","hentry","category-ourinhos","category-destaques","category-noticias"],"_links":{"self":[{"href":"https:\/\/noticiasregionais.com.br\/index.php?rest_route=\/wp\/v2\/posts\/1815","targetHints":{"allow":["GET"]}}],"collection":[{"href":"https:\/\/noticiasregionais.com.br\/index.php?rest_route=\/wp\/v2\/posts"}],"about":[{"href":"https:\/\/noticiasregionais.com.br\/index.php?rest_route=\/wp\/v2\/types\/post"}],"author":[{"embeddable":true,"href":"https:\/\/noticiasregionais.com.br\/index.php?rest_route=\/wp\/v2\/users\/1"}],"replies":[{"embeddable":true,"href":"https:\/\/noticiasregionais.com.br\/index.php?rest_route=%2Fwp%2Fv2%2Fcomments&post=1815"}],"version-history":[{"count":1,"href":"https:\/\/noticiasregionais.com.br\/index.php?rest_route=\/wp\/v2\/posts\/1815\/revisions"}],"predecessor-version":[{"id":1817,"href":"https:\/\/noticiasregionais.com.br\/index.php?rest_route=\/wp\/v2\/posts\/1815\/revisions\/1817"}],"wp:featuredmedia":[{"embeddable":true,"href":"https:\/\/noticiasregionais.com.br\/index.php?rest_route=\/wp\/v2\/media\/1816"}],"wp:attachment":[{"href":"https:\/\/noticiasregionais.com.br\/index.php?rest_route=%2Fwp%2Fv2%2Fmedia&parent=1815"}],"wp:term":[{"taxonomy":"category","embeddable":true,"href":"https:\/\/noticiasregionais.com.br\/index.php?rest_route=%2Fwp%2Fv2%2Fcategories&post=1815"},{"taxonomy":"post_tag","embeddable":true,"href":"https:\/\/noticiasregionais.com.br\/index.php?rest_route=%2Fwp%2Fv2%2Ftags&post=1815"}],"curies":[{"name":"wp","href":"https:\/\/api.w.org\/{rel}","templated":true}]}}