{"id":1818,"date":"2024-01-18T20:37:15","date_gmt":"2024-01-18T23:37:15","guid":{"rendered":"https:\/\/noticiasregionais.com.br\/?p=1818"},"modified":"2024-01-18T20:40:27","modified_gmt":"2024-01-18T23:40:27","slug":"paraguaios-presos-em-ourinhos-e-santa-cruz-escalam-cerca-e-fogem-de-penitenciaria-em-itai","status":"publish","type":"post","link":"https:\/\/noticiasregionais.com.br\/?p=1818","title":{"rendered":"Paraguaios presos em Ourinhos e Santa Cruz escalam cerca e fogem de penitenci\u00e1ria em Ita\u00ed"},"content":{"rendered":"\n<p class=\"has-text-align-center\"><strong>No \u00faltimo domingo (14), eles teriam escalado o alambrado do local, enquanto tomavam banho de sol, e conseguiram despistar os agentes penitenci\u00e1rios e policiais.<\/strong><\/p>\n\n\n\n<p>Dois paraguaios condenados por tr\u00e1fico, de 28 e 29 anos, s\u00e3o procurados ap\u00f3s fugirem da Penitenci\u00e1ria de Ita\u00ed, na regi\u00e3o sudoeste de SP, na tarde do \u00faltimo domingo (14). Eles teriam escalado o alambrado do local, enquanto tomavam banho de sol, e conseguiram despistar os agentes penitenci\u00e1rios e policiais.<\/p>\n\n\n\n<p>A informa\u00e7\u00e3o \u00e9 do colunista do UOL, Josmar Jozino, e foi reproduzida pelo portal Terra. Os dois fugitivos s\u00e3o Cristhian Ivan Alvarez Mendoza e Cristhiam David Busto Velazquez, que cumpriam pena na ala de regime semiaberto por tr\u00e1fico de drogas. A fuga ocorreu por volta das 14h40, ap\u00f3s escalarem o alambrado, passarem a cerca e desaparecerem em meio a um canavial.<\/p>\n\n\n\n<p>Ao Terra, a Secretaria da Administra\u00e7\u00e3o Penitenci\u00e1ria (SAP) informou que os policiais penais buscaram por eles, mas n\u00e3o conseguiram encontrar. A Pol\u00edcia Militar tamb\u00e9m foi acionada no momento e n\u00e3o os localizou. O fato foi comunicado ao Poder Judici\u00e1rio e foi registrado o boletim de ocorr\u00eancia de fuga. De acordo com a SAP, quando recapturados, eles voltar\u00e3o ao regime fechado. Conforme o colunista, a suspeita \u00e9 de que a dupla tenha seguido para o Paraguai.<\/p>\n\n\n\n<p><strong>Pris\u00f5es<\/strong><br>Mendoza foi preso em julho de 2023, por equipes da Pol\u00edcia Militar Rodovi\u00e1ria, enquanto transportava 1,2 tonelada de maconha em uma carreta, com placas do Paraguai, em uma estrada de Ourinhos, no interior de S\u00e3o Paulo. A droga estava escondida em uma carga de p\u00f3 de vidro, conforme a reportagem. No ve\u00edculo estavam a mulher dele e tr\u00eas filhos. Ela foi ouvida e liberada, pois n\u00e3o ficou comprovada sua participa\u00e7\u00e3o no crime. Em depoimento, o traficante afirmou que a droga seria entregue em Guarulhos.<\/p>\n\n\n\n<p>Em novembro, ele foi condenado por tr\u00e1fico de drogas pela 1\u00aa Vara Federal de Ourinhos a 6 anos de pris\u00e3o em regime semiaberto. J\u00e1 Velazquez foi preso dias antes de Mendoza, com 50 kg de coca\u00edna e 7 kg de maconha, durante uma opera\u00e7\u00e3o contra o tr\u00e1fico realizada em uma estrada na regi\u00e3o de Santa Cruz do Rio Pardo (SP). Policiais militares rodovi\u00e1rios encontraram a droga escondida na cabine da carreta, que tinha placas do Paraguai.<\/p>\n\n\n\n<p>Ele contou \u00e0 pol\u00edcia que pegou a droga em Foz do Igua\u00e7u (PR), seguiria para a cidade de S\u00e3o Paulo, e ganharia US$ 70 mil (cerca de R$ 340 mil) pelo servi\u00e7o.<\/p>\n\n\n\n<p>Em setembro, ele foi condenado pela 1\u00aa Vara Federal de Ourinhos a oito anos e um m\u00eas de pris\u00e3o no regime semiaberto. Existe a hip\u00f3tese dos dois integrarem a mesma quadrilha.<\/p>\n\n\n\n<p><strong><sub>fonte: Portal 014<\/sub><\/strong><\/p>\n<input type=\"hidden\" id=\"baseurl\" value=\"https:\/\/noticiasregionais.com.br\"><input type=\"hidden\" id=\"audio_nonce\" value=\"533fbb67b1\">","protected":false},"excerpt":{"rendered":"<p>No \u00faltimo domingo (14), eles teriam escalado o alambrado do local, enquanto tomavam banho de sol, e conseguiram despistar os&hellip;<\/p>\n","protected":false},"author":1,"featured_media":1819,"comment_status":"closed","ping_status":"open","sticky":false,"template":"","format":"standard","meta":{"sfsi_plus_gutenberg_text_before_share":"","sfsi_plus_gutenberg_show_text_before_share":"","sfsi_plus_gutenberg_icon_type":"","sfsi_plus_gutenberg_icon_alignemt":"","sfsi_plus_gutenburg_max_per_row":"","footnotes":""},"categories":[6,12,1],"tags":[],"class_list":["post-1818","post","type-post","status-publish","format-standard","has-post-thumbnail","hentry","category-sao_paulo","category-capa","category-noticias"],"_links":{"self":[{"href":"https:\/\/noticiasregionais.com.br\/index.php?rest_route=\/wp\/v2\/posts\/1818","targetHints":{"allow":["GET"]}}],"collection":[{"href":"https:\/\/noticiasregionais.com.br\/index.php?rest_route=\/wp\/v2\/posts"}],"about":[{"href":"https:\/\/noticiasregionais.com.br\/index.php?rest_route=\/wp\/v2\/types\/post"}],"author":[{"embeddable":true,"href":"https:\/\/noticiasregionais.com.br\/index.php?rest_route=\/wp\/v2\/users\/1"}],"replies":[{"embeddable":true,"href":"https:\/\/noticiasregionais.com.br\/index.php?rest_route=%2Fwp%2Fv2%2Fcomments&post=1818"}],"version-history":[{"count":2,"href":"https:\/\/noticiasregionais.com.br\/index.php?rest_route=\/wp\/v2\/posts\/1818\/revisions"}],"predecessor-version":[{"id":1821,"href":"https:\/\/noticiasregionais.com.br\/index.php?rest_route=\/wp\/v2\/posts\/1818\/revisions\/1821"}],"wp:featuredmedia":[{"embeddable":true,"href":"https:\/\/noticiasregionais.com.br\/index.php?rest_route=\/wp\/v2\/media\/1819"}],"wp:attachment":[{"href":"https:\/\/noticiasregionais.com.br\/index.php?rest_route=%2Fwp%2Fv2%2Fmedia&parent=1818"}],"wp:term":[{"taxonomy":"category","embeddable":true,"href":"https:\/\/noticiasregionais.com.br\/index.php?rest_route=%2Fwp%2Fv2%2Fcategories&post=1818"},{"taxonomy":"post_tag","embeddable":true,"href":"https:\/\/noticiasregionais.com.br\/index.php?rest_route=%2Fwp%2Fv2%2Ftags&post=1818"}],"curies":[{"name":"wp","href":"https:\/\/api.w.org\/{rel}","templated":true}]}}