{"id":1825,"date":"2024-01-20T18:36:08","date_gmt":"2024-01-20T21:36:08","guid":{"rendered":"https:\/\/noticiasregionais.com.br\/?p=1825"},"modified":"2024-01-20T18:36:19","modified_gmt":"2024-01-20T21:36:19","slug":"governo-de-sp-apresenta-maior-usina-solar-flutuante-do-pais-na-represa-billings","status":"publish","type":"post","link":"https:\/\/noticiasregionais.com.br\/?p=1825","title":{"rendered":"Governo de SP apresenta maior usina solar flutuante do pa\u00eds na represa Billings"},"content":{"rendered":"\n<p class=\"has-text-align-center\"><strong>Tecnologia contribui para desenvolvimento de matriz el\u00e9trica mais limpa e renov\u00e1vel; at\u00e9 2025, investimento vai atingir R$ 480 milh\u00f5es<\/strong><\/p>\n\n\n\n<p>O Governo de S\u00e3o Paulo avan\u00e7a na gera\u00e7\u00e3o de energia limpa e renov\u00e1vel com a implanta\u00e7\u00e3o da maior usina solar flutuante do pa\u00eds. Nesta quarta-feira (17), o governador Tarc\u00edsio de Freitas entregou a primeira etapa de implanta\u00e7\u00e3o da Usina Fotovoltaica Flutuante (UFF Arauc\u00e1ria), na represa Billings, na capital. Com 10,5 mil placas sobre a l\u00e2mina d\u2019\u00e1gua e investimento inicial de R$ 30 milh\u00f5es, a planta tem capacidade para produzir at\u00e9 10 GWh por ano a partir da matriz solar, o equivalente ao consumo de 4 mil resid\u00eancias.<\/p>\n\n\n\n<p>\u201cO projeto \u00e9 muito interessante porque a gente est\u00e1 aproveitando o espelho d\u2019\u00e1gua para gerar energia, temos a primeira usina fotovoltaica flutuante que vai gerar energia comercialmente no Brasil. \u00c9 um exemplo que veio para ficar e temos que usar esse potencial para gerar energia limpa, barata e acess\u00edvel. \u00c9 mais um passo na nossa pol\u00edtica energ\u00e9tica de sustentabilidade\u201d, afirmou o governador Tarc\u00edsio de Freitas.<\/p>\n\n\n\n<p>A cerim\u00f4nia tamb\u00e9m teve a participa\u00e7\u00e3o da secret\u00e1ria de Meio Ambiente, Infraestrutura e Log\u00edstica, Nat\u00e1lia Resende, dos presidentes da Assembleia Legislativa do Estado, Andr\u00e9 do Prado, e da C\u00e2mara Municipal de S\u00e3o Paulo, Milton Leite, e do prefeito da capital, Ricardo Nunes, al\u00e9m de autoridades estaduais e municipais e gestores da Empresa Metropolitana de \u00c1guas e Energia (Emae).<\/p>\n\n\n\n<p>A usina \u00e9 um dos principais projetos de desenvolvimento de energia sustent\u00e1vel em S\u00e3o Paulo e foi implementada sob coordena\u00e7\u00e3o da Secretaria de Meio Ambiente, Infraestrutura e Log\u00edstica. A conclus\u00e3o est\u00e1 prevista para o final de 2025, com a entrega de outros 75 MW de energia renov\u00e1vel e investimento de R$ 450 milh\u00f5es.<\/p>\n\n\n\n<p>\u201cEsta usina \u00e9 a concretiza\u00e7\u00e3o do que estamos perseguindo no estado de S\u00e3o Paulo em rela\u00e7\u00e3o \u00e0 energia limpa, transi\u00e7\u00e3o energ\u00e9tica e descarboniza\u00e7\u00e3o. Nosso plano de energia tem um horizonte at\u00e9 2050 e, s\u00f3 no ano passado, prospectamos mais de R$ 20 bilh\u00f5es em projetos de energia que olham a economia circular. Isto significa usar energia limpa para levar presta\u00e7\u00e3o de servi\u00e7o de qualidade aliada ao meio ambiente e ao que, de fato, significa sustentabilidade\u201d, afirmou Nat\u00e1lia Resende.<\/p>\n\n\n\n<p>A usina possui 7 MW pico de pot\u00eancia instalada, com 5 MW de pot\u00eancia de conex\u00e3o e pain\u00e9is fotovoltaicos instalados sobre flutuadores de polietileno de alta densidade. A gera\u00e7\u00e3o de energia ser\u00e1 iniciada imediatamente ap\u00f3s emiss\u00e3o da licen\u00e7a de opera\u00e7\u00e3o pela Companhia Ambiental do Estado de S\u00e3o Paulo (Cetesb).<\/p>\n\n\n\n<p>A planta ser\u00e1 a maior do pa\u00eds a operar comercialmente na modalidade Gera\u00e7\u00e3o Distribu\u00edda, com geradores localizados pr\u00f3ximos aos centros de consumo. A produ\u00e7\u00e3o da planta ser\u00e1 abatida do consumo de energia el\u00e9trica dos clientes da usina, por meio de compensa\u00e7\u00e3o nas contas de luz.<\/p>\n\n\n\n<p>Em dois meses, a implementa\u00e7\u00e3o da usina gerou cerca de 200 empregos. Em compara\u00e7\u00e3o com a \u00e1rea total da Billings, o espa\u00e7o ocupado pela usina na superf\u00edcie da represa \u00e9 menor que 0,1%, com baixo impacto ambiental de instala\u00e7\u00e3o no local.<\/p>\n\n\n\n<p>\u201cEsse \u00e9 um projeto grandioso, que alavanca o setor fotovoltaico sobre l\u00e2minas d\u2019\u00e1gua. Somente nessa primeira fase, foram gerados 80 empregos diretos e aproximadamente 120 empregos indiretos pelas empresas fornecedoras. A previs\u00e3o para os pr\u00f3ximos dois anos \u00e9 de muito trabalho com a instala\u00e7\u00e3o de mais plantas. Estamos 100% engajados nesse objetivo\u201d, afirmou o diretor-presidente da Emae, Marcio Rea.<\/p>\n<input type=\"hidden\" id=\"baseurl\" value=\"https:\/\/noticiasregionais.com.br\"><input type=\"hidden\" id=\"audio_nonce\" value=\"533fbb67b1\">","protected":false},"excerpt":{"rendered":"<p>Tecnologia contribui para desenvolvimento de matriz el\u00e9trica mais limpa e renov\u00e1vel; at\u00e9 2025, investimento vai atingir R$ 480 milh\u00f5es O&hellip;<\/p>\n","protected":false},"author":1,"featured_media":1826,"comment_status":"closed","ping_status":"open","sticky":false,"template":"","format":"standard","meta":{"sfsi_plus_gutenberg_text_before_share":"","sfsi_plus_gutenberg_show_text_before_share":"","sfsi_plus_gutenberg_icon_type":"","sfsi_plus_gutenberg_icon_alignemt":"","sfsi_plus_gutenburg_max_per_row":"","footnotes":""},"categories":[6,12,1],"tags":[],"class_list":["post-1825","post","type-post","status-publish","format-standard","has-post-thumbnail","hentry","category-sao_paulo","category-capa","category-noticias"],"_links":{"self":[{"href":"https:\/\/noticiasregionais.com.br\/index.php?rest_route=\/wp\/v2\/posts\/1825","targetHints":{"allow":["GET"]}}],"collection":[{"href":"https:\/\/noticiasregionais.com.br\/index.php?rest_route=\/wp\/v2\/posts"}],"about":[{"href":"https:\/\/noticiasregionais.com.br\/index.php?rest_route=\/wp\/v2\/types\/post"}],"author":[{"embeddable":true,"href":"https:\/\/noticiasregionais.com.br\/index.php?rest_route=\/wp\/v2\/users\/1"}],"replies":[{"embeddable":true,"href":"https:\/\/noticiasregionais.com.br\/index.php?rest_route=%2Fwp%2Fv2%2Fcomments&post=1825"}],"version-history":[{"count":1,"href":"https:\/\/noticiasregionais.com.br\/index.php?rest_route=\/wp\/v2\/posts\/1825\/revisions"}],"predecessor-version":[{"id":1827,"href":"https:\/\/noticiasregionais.com.br\/index.php?rest_route=\/wp\/v2\/posts\/1825\/revisions\/1827"}],"wp:featuredmedia":[{"embeddable":true,"href":"https:\/\/noticiasregionais.com.br\/index.php?rest_route=\/wp\/v2\/media\/1826"}],"wp:attachment":[{"href":"https:\/\/noticiasregionais.com.br\/index.php?rest_route=%2Fwp%2Fv2%2Fmedia&parent=1825"}],"wp:term":[{"taxonomy":"category","embeddable":true,"href":"https:\/\/noticiasregionais.com.br\/index.php?rest_route=%2Fwp%2Fv2%2Fcategories&post=1825"},{"taxonomy":"post_tag","embeddable":true,"href":"https:\/\/noticiasregionais.com.br\/index.php?rest_route=%2Fwp%2Fv2%2Ftags&post=1825"}],"curies":[{"name":"wp","href":"https:\/\/api.w.org\/{rel}","templated":true}]}}