{"id":1837,"date":"2024-01-22T09:32:01","date_gmt":"2024-01-22T12:32:01","guid":{"rendered":"https:\/\/noticiasregionais.com.br\/?p=1837"},"modified":"2024-01-22T09:32:12","modified_gmt":"2024-01-22T12:32:12","slug":"inscricoes-para-o-sisu-comecam-nesta-segunda-feira-e-vai-ate-dia-25","status":"publish","type":"post","link":"https:\/\/noticiasregionais.com.br\/?p=1837","title":{"rendered":"Inscri\u00e7\u00f5es para o Sisu come\u00e7am nesta segunda-feira e vai at\u00e9 dia 25"},"content":{"rendered":"\n<p><audio src=\"https:\/\/tts-app.ebc.com.br\/media\/tts\/215989.mp3\"><\/audio>Come\u00e7am nesta segunda-feira (22) as inscri\u00e7\u00f5es para o Sistema de Sele\u00e7\u00e3o Unificada (Sisu), que seleciona estudantes para vagas ofertadas por institui\u00e7\u00f5es p\u00fablicas de ensino superior. A\u00a0<a href=\"https:\/\/acessounico.mec.gov.br\/sisu\" target=\"_blank\" rel=\"noreferrer noopener\">inscri\u00e7\u00e3o \u00e9 gratuita<\/a>\u00a0e feita exclusivamente pela internet. O prazo segue at\u00e9 a pr\u00f3xima sexta-feira (25).\u00a0<img decoding=\"async\" src=\"https:\/\/agenciabrasil.ebc.com.br\/ebc.png?id=1577234&amp;o=node\"><img decoding=\"async\" src=\"https:\/\/agenciabrasil.ebc.com.br\/ebc.gif?id=1577234&amp;o=node\"><\/p>\n\n\n\n<p>Podem se inscrever todos os estudantes que participaram da edi\u00e7\u00e3o mais recente do Exame Nacional do Ensino M\u00e9dio (Enem), obtiveram nota maior do que zero na prova de reda\u00e7\u00e3o e n\u00e3o declararam estar na condi\u00e7\u00e3o de treineiro ao se inscrever.&nbsp;<\/p>\n\n\n\n<h2 class=\"wp-block-heading\">Nota<\/h2>\n\n\n\n<p>O sistema eletr\u00f4nico &#8211; gerido pelo Minist\u00e9rio da Educa\u00e7\u00e3o &#8211; utiliza a m\u00e9dia da nota do Enem at\u00e9 o limite da oferta de vagas, por curso e modalidade de concorr\u00eancia, de acordo com as escolhas dos candidatos inscritos e o perfil socioecon\u00f4mico.&nbsp;<\/p>\n\n\n\n<p>As vagas s\u00e3o distribu\u00eddas conforme determina a Lei de Cotas e de acordo com pol\u00edticas e a\u00e7\u00f5es afirmativas adotadas pelas universidades, como vagas reservadas e aplica\u00e7\u00e3o de b\u00f4nus sobre a nota do candidato que atenda o perfil indicado pela institui\u00e7\u00e3o.&nbsp;<\/p>\n\n\n\n<p>Os resultados da primeira chamada do Sisu devem ser divulgados no dia 30 de janeiro de 2024 e as matr\u00edculas acontecem do dia 1\u00ba ao dia 7 de fevereiro. Entre 30 de janeiro e 7 de fevereiro, estudantes n\u00e3o selecionados devem manifestar interesse em participar da lista de espera.<\/p>\n\n\n\n<p><strong><sub>fonte: Ag\u00eancia Brasil &#8211; Bras\u00edlia<\/sub><\/strong><\/p>\n<input type=\"hidden\" id=\"baseurl\" value=\"https:\/\/noticiasregionais.com.br\"><input type=\"hidden\" id=\"audio_nonce\" value=\"533fbb67b1\">","protected":false},"excerpt":{"rendered":"<p>Come\u00e7am nesta segunda-feira (22) as inscri\u00e7\u00f5es para o Sistema de Sele\u00e7\u00e3o Unificada (Sisu), que seleciona estudantes para vagas ofertadas por&hellip;<\/p>\n","protected":false},"author":1,"featured_media":1838,"comment_status":"closed","ping_status":"open","sticky":false,"template":"","format":"standard","meta":{"sfsi_plus_gutenberg_text_before_share":"","sfsi_plus_gutenberg_show_text_before_share":"","sfsi_plus_gutenberg_icon_type":"","sfsi_plus_gutenberg_icon_alignemt":"","sfsi_plus_gutenburg_max_per_row":"","footnotes":""},"categories":[8,10,1],"tags":[],"class_list":["post-1837","post","type-post","status-publish","format-standard","has-post-thumbnail","hentry","category-brasil","category-destaques","category-noticias"],"_links":{"self":[{"href":"https:\/\/noticiasregionais.com.br\/index.php?rest_route=\/wp\/v2\/posts\/1837","targetHints":{"allow":["GET"]}}],"collection":[{"href":"https:\/\/noticiasregionais.com.br\/index.php?rest_route=\/wp\/v2\/posts"}],"about":[{"href":"https:\/\/noticiasregionais.com.br\/index.php?rest_route=\/wp\/v2\/types\/post"}],"author":[{"embeddable":true,"href":"https:\/\/noticiasregionais.com.br\/index.php?rest_route=\/wp\/v2\/users\/1"}],"replies":[{"embeddable":true,"href":"https:\/\/noticiasregionais.com.br\/index.php?rest_route=%2Fwp%2Fv2%2Fcomments&post=1837"}],"version-history":[{"count":1,"href":"https:\/\/noticiasregionais.com.br\/index.php?rest_route=\/wp\/v2\/posts\/1837\/revisions"}],"predecessor-version":[{"id":1839,"href":"https:\/\/noticiasregionais.com.br\/index.php?rest_route=\/wp\/v2\/posts\/1837\/revisions\/1839"}],"wp:featuredmedia":[{"embeddable":true,"href":"https:\/\/noticiasregionais.com.br\/index.php?rest_route=\/wp\/v2\/media\/1838"}],"wp:attachment":[{"href":"https:\/\/noticiasregionais.com.br\/index.php?rest_route=%2Fwp%2Fv2%2Fmedia&parent=1837"}],"wp:term":[{"taxonomy":"category","embeddable":true,"href":"https:\/\/noticiasregionais.com.br\/index.php?rest_route=%2Fwp%2Fv2%2Fcategories&post=1837"},{"taxonomy":"post_tag","embeddable":true,"href":"https:\/\/noticiasregionais.com.br\/index.php?rest_route=%2Fwp%2Fv2%2Ftags&post=1837"}],"curies":[{"name":"wp","href":"https:\/\/api.w.org\/{rel}","templated":true}]}}