{"id":1840,"date":"2024-01-22T11:19:41","date_gmt":"2024-01-22T14:19:41","guid":{"rendered":"https:\/\/noticiasregionais.com.br\/?p=1840"},"modified":"2024-01-22T14:59:26","modified_gmt":"2024-01-22T17:59:26","slug":"operacao-impacto-adaga-vii-resulta-na-captura-de-procurado-pelo-k9-do-13o-baep-em-scrpardo-sp","status":"publish","type":"post","link":"https:\/\/noticiasregionais.com.br\/?p=1840","title":{"rendered":"Opera\u00e7\u00e3o Impacto Adaga VII resulta na captura de procurado pelo K9 do 13\u00ba BAEP em SCRPardo-SP"},"content":{"rendered":"\n<p>Na manh\u00e3 do dia 22 de janeiro de 2024, a equipe K9 do 13\u00ba Batalh\u00e3o de A\u00e7\u00f5es Especiais de Pol\u00edcia (BAEP) realizou uma opera\u00e7\u00e3o impactante que resultou na captura de um procurado. A a\u00e7\u00e3o, denominada &#8220;Opera\u00e7\u00e3o Impacto Adaga VII&#8221;, teve seu desfecho \u00e0s 08h15, na Rua Paulo Assis, no Bairro Morada da Ponte Nova, em SCRPardo-SP.<\/p>\n\n\n\n<p>A pris\u00e3o foi efetuada pela Pol\u00edcia Militar durante patrulhamento especializado com c\u00e3es, quando a equipe prendeu Elielton P.B., de 30 anos. A opera\u00e7\u00e3o foi desencadeada a partir do conhecimento de que o indiv\u00edduo, evadido do Centro de Progress\u00e3o Penitenci\u00e1ria 2 (CPP2) de Bauru em 11 de outubro de 2023, estaria escondido na resid\u00eancia de sua irm\u00e3.<\/p>\n\n\n\n<p>As dilig\u00eancias foram iniciadas, culminando na localiza\u00e7\u00e3o do fugitivo. Ao consultar via Copom, foi constatado que ele estava evadido do sistema prisional, onde cumpria pena por crimes de roubo, tr\u00e1fico de drogas e outros. A pena restante a cumprir era de 14 anos e 6 meses.<\/p>\n\n\n\n<p>Diante dos fatos, a equipe de policiais deu voz de pris\u00e3o a Elielton P.B., que foi encaminhado \u00e0 Central de Pol\u00edcia Judici\u00e1ria de SCRPardo. O detido ser\u00e1 posteriormente transferido de volta ao c\u00e1rcere, contribuindo para a manuten\u00e7\u00e3o da ordem e seguran\u00e7a na regi\u00e3o.<\/p>\n\n\n\n<p>A &#8220;Opera\u00e7\u00e3o Impacto Adaga VII&#8221; demonstra a efic\u00e1cia das a\u00e7\u00f5es coordenadas da Pol\u00edcia Militar, em especial da equipe K9 do 13\u00ba BAEP, no combate a criminosos foragidos, garantindo a tranquilidade da popula\u00e7\u00e3o e a aplica\u00e7\u00e3o da justi\u00e7a. A captura bem-sucedida ressalta a import\u00e2ncia do trabalho conjunto das for\u00e7as de seguran\u00e7a para preservar a integridade da sociedade.<\/p>\n<input type=\"hidden\" id=\"baseurl\" value=\"https:\/\/noticiasregionais.com.br\"><input type=\"hidden\" id=\"audio_nonce\" value=\"533fbb67b1\">","protected":false},"excerpt":{"rendered":"<p>Na manh\u00e3 do dia 22 de janeiro de 2024, a equipe K9 do 13\u00ba Batalh\u00e3o de A\u00e7\u00f5es Especiais de Pol\u00edcia&hellip;<\/p>\n","protected":false},"author":1,"featured_media":1841,"comment_status":"closed","ping_status":"open","sticky":false,"template":"","format":"standard","meta":{"sfsi_plus_gutenberg_text_before_share":"","sfsi_plus_gutenberg_show_text_before_share":"","sfsi_plus_gutenberg_icon_type":"","sfsi_plus_gutenberg_icon_alignemt":"","sfsi_plus_gutenburg_max_per_row":"","footnotes":""},"categories":[6,12,1],"tags":[],"class_list":["post-1840","post","type-post","status-publish","format-standard","has-post-thumbnail","hentry","category-sao_paulo","category-capa","category-noticias"],"_links":{"self":[{"href":"https:\/\/noticiasregionais.com.br\/index.php?rest_route=\/wp\/v2\/posts\/1840","targetHints":{"allow":["GET"]}}],"collection":[{"href":"https:\/\/noticiasregionais.com.br\/index.php?rest_route=\/wp\/v2\/posts"}],"about":[{"href":"https:\/\/noticiasregionais.com.br\/index.php?rest_route=\/wp\/v2\/types\/post"}],"author":[{"embeddable":true,"href":"https:\/\/noticiasregionais.com.br\/index.php?rest_route=\/wp\/v2\/users\/1"}],"replies":[{"embeddable":true,"href":"https:\/\/noticiasregionais.com.br\/index.php?rest_route=%2Fwp%2Fv2%2Fcomments&post=1840"}],"version-history":[{"count":3,"href":"https:\/\/noticiasregionais.com.br\/index.php?rest_route=\/wp\/v2\/posts\/1840\/revisions"}],"predecessor-version":[{"id":1845,"href":"https:\/\/noticiasregionais.com.br\/index.php?rest_route=\/wp\/v2\/posts\/1840\/revisions\/1845"}],"wp:featuredmedia":[{"embeddable":true,"href":"https:\/\/noticiasregionais.com.br\/index.php?rest_route=\/wp\/v2\/media\/1841"}],"wp:attachment":[{"href":"https:\/\/noticiasregionais.com.br\/index.php?rest_route=%2Fwp%2Fv2%2Fmedia&parent=1840"}],"wp:term":[{"taxonomy":"category","embeddable":true,"href":"https:\/\/noticiasregionais.com.br\/index.php?rest_route=%2Fwp%2Fv2%2Fcategories&post=1840"},{"taxonomy":"post_tag","embeddable":true,"href":"https:\/\/noticiasregionais.com.br\/index.php?rest_route=%2Fwp%2Fv2%2Ftags&post=1840"}],"curies":[{"name":"wp","href":"https:\/\/api.w.org\/{rel}","templated":true}]}}