{"id":1851,"date":"2024-01-23T07:47:37","date_gmt":"2024-01-23T10:47:37","guid":{"rendered":"https:\/\/noticiasregionais.com.br\/?p=1851"},"modified":"2024-01-23T07:47:48","modified_gmt":"2024-01-23T10:47:48","slug":"com-reoneracao-da-folha-de-pagamento-empresas-de-call-center-podem-demitir-400-mil-em-dois-anos","status":"publish","type":"post","link":"https:\/\/noticiasregionais.com.br\/?p=1851","title":{"rendered":"Com reonera\u00e7\u00e3o da folha de pagamento, empresas de call center podem demitir 400 mil em dois anos"},"content":{"rendered":"\n<p class=\"has-text-align-center\"><strong>Mulheres e jovens em primeiro emprego ser\u00e3o os mais afetados, segundo presidente da Feninfra, Vivien Suruagy<\/strong><\/p>\n\n\n\n<p>O fim da desonera\u00e7\u00e3o da folha de pagamento deve gerar 400 mil demiss\u00f5es no setor de call center nos pr\u00f3ximos dois anos. A proje\u00e7\u00e3o \u00e9 de Vivien Suruagy, presidente da Federa\u00e7\u00e3o Nacional de Call Center, Instala\u00e7\u00e3o e Manuten\u00e7\u00e3o de Infraestrutura de Redes de Telecomunica\u00e7\u00f5es e de Inform\u00e1tica.&nbsp;<\/p>\n\n\n\n<p>Segundo ela, as empresas do setor j\u00e1 est\u00e3o organizando listas de corte de funcion\u00e1rios diante do aumento da carga tribut\u00e1ria. &#8220;Isso \u00e9 bem s\u00e9rio. Em breve&nbsp;estaremos comunicando as entidades laborais. N\u00e3o tem empresa s\u00e9ria que consiga trabalhar na inseguran\u00e7a, porque a conta \u00e9 clara. Se eu recebo um valor para gasto com remunera\u00e7\u00e3o e esse gasto com remunera\u00e7\u00e3o \u00e9 composto de imposto mais sal\u00e1rio, quando voc\u00ea aumenta a rubrica imposto, voc\u00ea tem que diminuir o gasto com o sal\u00e1rio&#8221;, aponta.&nbsp;<\/p>\n\n\n\n<p>No fim do ano passado, o governo editou uma medida provis\u00f3ria que exclui o call center e outros sete setores do rol de beneficiados pela desonera\u00e7\u00e3o da folha de pagamento. O mecanismo permite que as empresas optem por pagar de 1% a 4,5% de seu faturamento ao governo em vez de terem que contribuir com 20% sobre a folha de sal\u00e1rios para o INSS.&nbsp;<\/p>\n\n\n\n<p>Empresas com elevado n\u00famero de funcion\u00e1rios costumam optar pela tributa\u00e7\u00e3o via faturamento, pois isso diminui o peso dos impostos sobre elas. Com a MP do governo, no entanto, os oito setores n\u00e3o ter\u00e3o mais essa alternativa.&nbsp;<\/p>\n\n\n\n<p>Pelo regime da desonera\u00e7\u00e3o, as empresas de call center pagam uma al\u00edquota de 4,5% sobre o faturamento, mas a partir de abril voltariam a ser tributadas sobre a folha.&nbsp;<\/p>\n\n\n\n<p>O setor de call center, infraestrutura de telecomunica\u00e7\u00f5es e inform\u00e1tica emprega, de acordo com a Feninfra, cerca de 2,5 milh\u00f5es de pessoas. Com a reonera\u00e7\u00e3o, as 400 mil demiss\u00f5es devem recair mais sobre mulheres e jovens em primeiro emprego.&nbsp;<\/p>\n\n\n\n<p>&#8220;Com a quebra de empresas, h\u00e1 uma previs\u00e3o de demiss\u00e3o de aproximadamente 400 mil profissionais nos pr\u00f3ximos dois anos. Em torno de 60% desse pessoal v\u00e3o ser de mulheres e jovens em primeiro emprego. Infelizmente, vamos ter que liberar esse pessoal&#8221;, lamenta.&nbsp;<\/p>\n\n\n\n<p>A estimativa da entidade \u00e9 que cerca de 240 mil mulheres e jovens devem perder a vaga no&nbsp;mercado formal de trabalho. Favor\u00e1vel \u00e0 desonera\u00e7\u00e3o, o deputado federal Vitor Lippi (PSDB-SP) critica o fim do&nbsp;mecanismo que garante milh\u00f5es de empregos no pa\u00eds. &#8220;Isso \u00e9 muito ruim. Aumenta o custo da produ\u00e7\u00e3o e acaba tendo impacto financeiro e econ\u00f4mico. Os encargos da folha de pagamento aqui s\u00e3o muito superiores ao resto do mundo. Isso j\u00e1 \u00e9 um fator de falta de isonomia, faz com que o Brasil n\u00e3o consiga ter competitividade internacional&#8221;, avalia.&nbsp;<\/p>\n\n\n\n<p>O congressista \u00e9 um dos parlamentares que defende a devolu\u00e7\u00e3o da MP da reonera\u00e7\u00e3o ao governo por entender que a medida desrespeita decis\u00e3o tomada pelo Congresso Nacional, em 2023.&nbsp;<\/p>\n\n\n\n<p><a href=\"https:\/\/brasil61.com\/n\/entenda-o-embate-entre-governo-e-congresso-nacional-em-torno-da-desoneracao-da-folha-de-pagamento-pind244448\" target=\"_blank\" rel=\"noopener\">Entenda o embate entre governo e Congresso Nacional em torno da desonera\u00e7\u00e3o da folha de pagamento<\/a><\/p>\n\n\n\n<p><a href=\"https:\/\/brasil61.com\/n\/reoneracao-da-folha-coloca-em-risco-60-mil-empregos-no-setor-calcadista-projeta-associacao-pind244455\" target=\"_blank\" rel=\"noopener\">Reonera\u00e7\u00e3o da folha coloca em risco 60 mil empregos no setor cal\u00e7adista, projeta associa\u00e7\u00e3o<\/a><\/p>\n\n\n\n<p><a href=\"https:\/\/brasil61.com\/n\/saiba-o-que-e-a-desoneracao-da-folha-de-pagamentos-pind234345\" target=\"_blank\" rel=\"noopener\">Saiba o que \u00e9 a desonera\u00e7\u00e3o da folha de pagamentos<\/a><\/p>\n\n\n\n<p><a href=\"whatsapp:\/\/send?text= https:\/\/brasil61.com\/n\/com-reoneracao-da-folha-de-pagamento-empresas-de-call-center-podem-demitir-400-mil-em-dois-anos-pind244473\"><\/a><a href=\"http:\/\/www.facebook.com\/sharer.php?u=https:\/\/brasil61.com\/n\/com-reoneracao-da-folha-de-pagamento-empresas-de-call-center-podem-demitir-400-mil-em-dois-anos-pind244473&amp;t=\" target=\"_blank\" rel=\"noreferrer noopener\"> <\/a><a href=\"https:\/\/twitter.com\/share?url=https:\/\/brasil61.com\/n\/com-reoneracao-da-folha-de-pagamento-empresas-de-call-center-podem-demitir-400-mil-em-dois-anos-pind244473&amp;text=\" target=\"_blank\" rel=\"noreferrer noopener\"><\/a><a href=\"mailto:?Subject=Com reonera\u00e7\u00e3o da folha de pagamento, empresas de call center podem demitir 400 mil em dois anos&amp;Body= https:\/\/brasil61.com\/n\/com-reoneracao-da-folha-de-pagamento-empresas-de-call-center-podem-demitir-400-mil-em-dois-anos-pind244473\"><\/a><\/p>\n\n\n\n<p>Fonte: <a href=\"https:\/\/brasil61.com\/n\/com-reoneracao-da-folha-de-pagamento-empresas-de-call-center-podem-demitir-400-mil-em-dois-anos-pind244473?email=fxmendes2012@gmail.com&amp;utm_source=email_individual&amp;utm_medium=email_individual&amp;utm_campaign=email_individual\" target=\"_blank\" rel=\"noreferrer noopener\">Brasil 61<\/a><\/p>\n<input type=\"hidden\" id=\"baseurl\" value=\"https:\/\/noticiasregionais.com.br\"><input type=\"hidden\" id=\"audio_nonce\" value=\"533fbb67b1\">","protected":false},"excerpt":{"rendered":"<p>Mulheres e jovens em primeiro emprego ser\u00e3o os mais afetados, segundo presidente da Feninfra, Vivien Suruagy O fim da desonera\u00e7\u00e3o&hellip;<\/p>\n","protected":false},"author":1,"featured_media":1852,"comment_status":"closed","ping_status":"open","sticky":false,"template":"","format":"standard","meta":{"sfsi_plus_gutenberg_text_before_share":"","sfsi_plus_gutenberg_show_text_before_share":"","sfsi_plus_gutenberg_icon_type":"","sfsi_plus_gutenberg_icon_alignemt":"","sfsi_plus_gutenburg_max_per_row":"","footnotes":""},"categories":[8,10,1],"tags":[],"class_list":["post-1851","post","type-post","status-publish","format-standard","has-post-thumbnail","hentry","category-brasil","category-destaques","category-noticias"],"_links":{"self":[{"href":"https:\/\/noticiasregionais.com.br\/index.php?rest_route=\/wp\/v2\/posts\/1851","targetHints":{"allow":["GET"]}}],"collection":[{"href":"https:\/\/noticiasregionais.com.br\/index.php?rest_route=\/wp\/v2\/posts"}],"about":[{"href":"https:\/\/noticiasregionais.com.br\/index.php?rest_route=\/wp\/v2\/types\/post"}],"author":[{"embeddable":true,"href":"https:\/\/noticiasregionais.com.br\/index.php?rest_route=\/wp\/v2\/users\/1"}],"replies":[{"embeddable":true,"href":"https:\/\/noticiasregionais.com.br\/index.php?rest_route=%2Fwp%2Fv2%2Fcomments&post=1851"}],"version-history":[{"count":1,"href":"https:\/\/noticiasregionais.com.br\/index.php?rest_route=\/wp\/v2\/posts\/1851\/revisions"}],"predecessor-version":[{"id":1853,"href":"https:\/\/noticiasregionais.com.br\/index.php?rest_route=\/wp\/v2\/posts\/1851\/revisions\/1853"}],"wp:featuredmedia":[{"embeddable":true,"href":"https:\/\/noticiasregionais.com.br\/index.php?rest_route=\/wp\/v2\/media\/1852"}],"wp:attachment":[{"href":"https:\/\/noticiasregionais.com.br\/index.php?rest_route=%2Fwp%2Fv2%2Fmedia&parent=1851"}],"wp:term":[{"taxonomy":"category","embeddable":true,"href":"https:\/\/noticiasregionais.com.br\/index.php?rest_route=%2Fwp%2Fv2%2Fcategories&post=1851"},{"taxonomy":"post_tag","embeddable":true,"href":"https:\/\/noticiasregionais.com.br\/index.php?rest_route=%2Fwp%2Fv2%2Ftags&post=1851"}],"curies":[{"name":"wp","href":"https:\/\/api.w.org\/{rel}","templated":true}]}}