{"id":1858,"date":"2024-01-25T07:41:25","date_gmt":"2024-01-25T10:41:25","guid":{"rendered":"https:\/\/noticiasregionais.com.br\/?p=1858"},"modified":"2024-01-25T07:42:44","modified_gmt":"2024-01-25T10:42:44","slug":"sp-lidera-o-ranking-de-cidades-onde-o-5g-esta-apto-a-funcionar-mas-ourinhos-ainda-nao-tem-autorizacao-da-anatel","status":"publish","type":"post","link":"https:\/\/noticiasregionais.com.br\/?p=1858","title":{"rendered":"SP lidera o ranking de cidades onde o 5G est\u00e1 apto a funcionar. Ourinhos n\u00e3o tem autoriza\u00e7\u00e3o da ANATEL"},"content":{"rendered":"\n<p class=\"has-text-align-center\"><strong>O estado tamb\u00e9m \u00e9 o recordista de cidades onde a tecnologia j\u00e1 funciona, com 79 munic\u00edpios. A libera\u00e7\u00e3o do sinal pela Anatel \u00e9 o primeiro passo para que a tecnologia \u2014 que aumenta a velocidade da internet \u2014 seja implantada<\/strong><\/p>\n\n\n\n<p>Todos os 645 munic\u00edpios do estado de S\u00e3o Paulo est\u00e3o liberados para implementarem a tecnologia 5G, segundo o painel da Ag\u00eancia Nacional de Telecomunica\u00e7\u00f5es (Anatel). Al\u00e9m dele, todos os estados da regi\u00e3o Sul \u2014 Rio Grande do Sul, Santa Catarina e Paran\u00e1 \u2014 t\u00eam a libera\u00e7\u00e3o para oferecerem a tecnologia \u00e0 popula\u00e7\u00e3o. Seguidos por Alagoas, Rio de Janeiro, Amap\u00e1, Roraima e o DF.<\/p>\n\n\n\n<p>A Anatel j\u00e1 autorizou mais de 55% das cidades brasileiras a disponibilizar o sinal 5G para os usu\u00e1rios, apesar disso, a tecnologia j\u00e1 funciona, de fato, em 329 munic\u00edpios brasileiros. S\u00e3o Paulo lidera a lista com 79 cidades onde a tecnologia j\u00e1 est\u00e1 dispon\u00edvel, seguida por Minas Gerais com 37 cidades e o estado do Rio de Janeiro, onde 29 cidades t\u00eam acesso ao 5G.&nbsp;<\/p>\n\n\n\n<h2 class=\"wp-block-heading\">Confira no mapa se a sua cidade tem autoriza\u00e7\u00e3o para funcionar o 5G&nbsp;<\/h2>\n\n\n\n<figure class=\"wp-block-image\"><a href=\"https:\/\/app.powerbi.com\/view?r=eyJrIjoiNmU0Yjc0MjEtMzYwZC00Y2E5LTk4ZTctZmM1MWI3M2ViNTA1IiwidCI6ImI0MWExODliLWVlZjItNDZkZi1hN2ExLWFmN2UwNTU0YjkzYiJ9\" target=\"_blank\" rel=\"noreferrer noopener\"><img decoding=\"async\" src=\"https:\/\/brasil61.s3.us-west-2.amazonaws.com\/img\/anatel.png\" alt=\"\"\/><\/a><\/figure>\n\n\n\n<p>Uma evolu\u00e7\u00e3o mais r\u00e1pida do que o previsto e al\u00e9m do que foi proposto pelo leil\u00e3o da Anatel feito em 2021, que obrigava as operadoras a oferecerem at\u00e9 o fim de 2023, o sinal para as 27 capitais. Hoje, j\u00e1 s\u00e3o mais de 300 cidades e mais de 10 milh\u00f5es de pessoas com acesso \u00e0 tecnologia no Brasil.&nbsp;<\/p>\n\n\n\n<p>Para Diogo Della Torres, coordenador de Infraestrutura da Conexis Brasil Digital, \u201cisso \u00e9 um esfor\u00e7o que as operadoras t\u00eam feito para antecipar os compromissos feitos l\u00e1 na oportunidade do leil\u00e3o do 5G. O que podemos fazer de boa not\u00edcia \u00e9 que o setor tem se esfor\u00e7ado, assim como a Anatel, para levar o 5G o quanto antes para todos os munic\u00edpios brasileiros.\u201d&nbsp;<\/p>\n\n\n\n<p><strong>Compromissos previstos pelo Leil\u00e3o da Anatel&nbsp;<\/strong><\/p>\n\n\n\n<ul class=\"wp-block-list\">\n<li>At\u00e9 31\/07\/2023: ampliar a quantidade de antenas nas capitais dos estados e no Distrito Federal (no m\u00ednimo 1 antena para cada 50 mil habitantes);<\/li>\n\n\n\n<li>At\u00e9 31\/07\/2024: ampliar a quantidade de antenas nas capitais dos estados e no Distrito Federal (no m\u00ednimo 1 antena para cada 30 mil habitantes);<\/li>\n<\/ul>\n\n\n\n<h2 class=\"wp-block-heading\">Qualidade do 5G oferecido<\/h2>\n\n\n\n<p>O avan\u00e7o do 5G no Brasil n\u00e3o foi apenas em quantidade, mas tamb\u00e9m na qualidade e na velocidade do servi\u00e7o oferecido. Pelo menos \u00e9 isso que mostram os dados de um relat\u00f3rio feito pela Ookla Speedtest. Segundo o levantamento, a velocidade de download da rede 5G no Brasil aumentou 1,4 vezes ao longo de 2023, em compara\u00e7\u00e3o a 2022.&nbsp;<\/p>\n\n\n\n<p>Enquanto em 2022 a velocidade de download era de 312,09 Mbps, no ano seguinte passou para 443,93 Mbps. Os n\u00fameros, segundo o levantamento, fizeram com o que o pa\u00eds se posicionasse em quinto lugar entre os dez melhores desempenhos da tecnologia no mundo.&nbsp;<\/p>\n\n\n\n<p>O tecn\u00f3logo em telecomunica\u00e7\u00f5es Carlos Alberto Costa, explica que por conta da maior quantidade de antenas que o 5G demanda, muitos pontos \u2014 mesmo em cidades que j\u00e1 oferecem a tecnologia \u2014 acabam n\u00e3o tendo o sinal. Mas concorda com a pesquisa que avalia o bom desempenho do Brasil nesse sentido e no esfor\u00e7o de todas as partes para que mais pessoas tenham acesso \u00e0 ela.<\/p>\n\n\n\n<p>\u201c\u00c9 de interesse da operadora trazer novidades para o consumidor. Inclusive os fabricantes de smartphones, os modelos mais recentes, &nbsp;quase todos os aparelhos j\u00e1 est\u00e3o sendo lan\u00e7ados com o 5G.\u201d&nbsp;<br>&nbsp;<\/p>\n\n\n\n<p><a href=\"whatsapp:\/\/send?text= https:\/\/brasil61.com\/n\/sp-lidera-o-ranking-de-cidades-onde-o-5g-esta-apto-a-funcionar-bras2410766\"><\/a><a href=\"http:\/\/www.facebook.com\/sharer.php?u=https:\/\/brasil61.com\/n\/sp-lidera-o-ranking-de-cidades-onde-o-5g-esta-apto-a-funcionar-bras2410766&amp;t=\" target=\"_blank\" rel=\"noreferrer noopener\"> <\/a><a href=\"https:\/\/twitter.com\/share?url=https:\/\/brasil61.com\/n\/sp-lidera-o-ranking-de-cidades-onde-o-5g-esta-apto-a-funcionar-bras2410766&amp;text=\" target=\"_blank\" rel=\"noreferrer noopener\"><\/a><a href=\"mailto:?Subject=SP lidera o ranking de cidades onde o 5G est\u00e1 apto a funcionar&amp;Body= https:\/\/brasil61.com\/n\/sp-lidera-o-ranking-de-cidades-onde-o-5g-esta-apto-a-funcionar-bras2410766\"><\/a><\/p>\n\n\n\n<p>Fonte: <a href=\"https:\/\/brasil61.com\/n\/sp-lidera-o-ranking-de-cidades-onde-o-5g-esta-apto-a-funcionar-bras2410766?email=fxmendes2012@gmail.com&amp;utm_source=email_individual&amp;utm_medium=email_individual&amp;utm_campaign=email_individual\" target=\"_blank\" rel=\"noreferrer noopener\">Brasil 61<\/a><\/p>\n<input type=\"hidden\" id=\"baseurl\" value=\"https:\/\/noticiasregionais.com.br\"><input type=\"hidden\" id=\"audio_nonce\" value=\"533fbb67b1\">","protected":false},"excerpt":{"rendered":"<p>O estado tamb\u00e9m \u00e9 o recordista de cidades onde a tecnologia j\u00e1 funciona, com 79 munic\u00edpios. A libera\u00e7\u00e3o do sinal&hellip;<\/p>\n","protected":false},"author":1,"featured_media":1859,"comment_status":"closed","ping_status":"open","sticky":false,"template":"","format":"standard","meta":{"sfsi_plus_gutenberg_text_before_share":"","sfsi_plus_gutenberg_show_text_before_share":"","sfsi_plus_gutenberg_icon_type":"","sfsi_plus_gutenberg_icon_alignemt":"","sfsi_plus_gutenburg_max_per_row":"","footnotes":""},"categories":[5,10,1],"tags":[],"class_list":["post-1858","post","type-post","status-publish","format-standard","has-post-thumbnail","hentry","category-ourinhos","category-destaques","category-noticias"],"_links":{"self":[{"href":"https:\/\/noticiasregionais.com.br\/index.php?rest_route=\/wp\/v2\/posts\/1858","targetHints":{"allow":["GET"]}}],"collection":[{"href":"https:\/\/noticiasregionais.com.br\/index.php?rest_route=\/wp\/v2\/posts"}],"about":[{"href":"https:\/\/noticiasregionais.com.br\/index.php?rest_route=\/wp\/v2\/types\/post"}],"author":[{"embeddable":true,"href":"https:\/\/noticiasregionais.com.br\/index.php?rest_route=\/wp\/v2\/users\/1"}],"replies":[{"embeddable":true,"href":"https:\/\/noticiasregionais.com.br\/index.php?rest_route=%2Fwp%2Fv2%2Fcomments&post=1858"}],"version-history":[{"count":2,"href":"https:\/\/noticiasregionais.com.br\/index.php?rest_route=\/wp\/v2\/posts\/1858\/revisions"}],"predecessor-version":[{"id":1861,"href":"https:\/\/noticiasregionais.com.br\/index.php?rest_route=\/wp\/v2\/posts\/1858\/revisions\/1861"}],"wp:featuredmedia":[{"embeddable":true,"href":"https:\/\/noticiasregionais.com.br\/index.php?rest_route=\/wp\/v2\/media\/1859"}],"wp:attachment":[{"href":"https:\/\/noticiasregionais.com.br\/index.php?rest_route=%2Fwp%2Fv2%2Fmedia&parent=1858"}],"wp:term":[{"taxonomy":"category","embeddable":true,"href":"https:\/\/noticiasregionais.com.br\/index.php?rest_route=%2Fwp%2Fv2%2Fcategories&post=1858"},{"taxonomy":"post_tag","embeddable":true,"href":"https:\/\/noticiasregionais.com.br\/index.php?rest_route=%2Fwp%2Fv2%2Ftags&post=1858"}],"curies":[{"name":"wp","href":"https:\/\/api.w.org\/{rel}","templated":true}]}}