{"id":1867,"date":"2024-01-25T11:37:44","date_gmt":"2024-01-25T14:37:44","guid":{"rendered":"https:\/\/noticiasregionais.com.br\/?p=1867"},"modified":"2024-01-25T11:37:47","modified_gmt":"2024-01-25T14:37:47","slug":"ampliacao-da-upa-de-ourinhos-deve-ser-entregue-no-mes-de-fevereiro","status":"publish","type":"post","link":"https:\/\/noticiasregionais.com.br\/?p=1867","title":{"rendered":"Amplia\u00e7\u00e3o da UPA de Ourinhos deve ser entregue no m\u00eas de Fevereiro"},"content":{"rendered":"\n<p>As obras de amplia\u00e7\u00e3o da UPA de Ourinhos est\u00e3o avan\u00e7adas e a expectativa \u00e9 que sejam finalizadas at\u00e9 o m\u00eas de fevereiro. A nova \u00e1rea administrativa j\u00e1 est\u00e1 em fase final de acabamento e o setor de enfermaria est\u00e1 recebendo a cobertura.<\/p>\n\n\n\n<p>Com o projeto de amplia\u00e7\u00e3o da UPA, a ala de enfermagem ter\u00e1 o dobro de leitos. Al\u00e9m disso, o setor de emerg\u00eancia passar\u00e1 a contar com uma estrutura mais adequada para acolher os pacientes.<\/p>\n\n\n\n<p>O objetivo da obra \u00e9 oferecer uma unidade com uma estrutura de mais qualidade para proporcionar um atendimento cada vez melhor para popula\u00e7\u00e3o, al\u00e9m de proporcionar um melhor ambiente de trabalho para os colaboradores.<\/p>\n<input type=\"hidden\" id=\"baseurl\" value=\"https:\/\/noticiasregionais.com.br\"><input type=\"hidden\" id=\"audio_nonce\" value=\"533fbb67b1\">","protected":false},"excerpt":{"rendered":"<p>As obras de amplia\u00e7\u00e3o da UPA de Ourinhos est\u00e3o avan\u00e7adas e a expectativa \u00e9 que sejam finalizadas at\u00e9 o m\u00eas&hellip;<\/p>\n","protected":false},"author":1,"featured_media":1868,"comment_status":"closed","ping_status":"open","sticky":false,"template":"","format":"standard","meta":{"sfsi_plus_gutenberg_text_before_share":"","sfsi_plus_gutenberg_show_text_before_share":"","sfsi_plus_gutenberg_icon_type":"","sfsi_plus_gutenberg_icon_alignemt":"","sfsi_plus_gutenburg_max_per_row":"","footnotes":""},"categories":[5,10,1],"tags":[],"class_list":["post-1867","post","type-post","status-publish","format-standard","has-post-thumbnail","hentry","category-ourinhos","category-destaques","category-noticias"],"_links":{"self":[{"href":"https:\/\/noticiasregionais.com.br\/index.php?rest_route=\/wp\/v2\/posts\/1867","targetHints":{"allow":["GET"]}}],"collection":[{"href":"https:\/\/noticiasregionais.com.br\/index.php?rest_route=\/wp\/v2\/posts"}],"about":[{"href":"https:\/\/noticiasregionais.com.br\/index.php?rest_route=\/wp\/v2\/types\/post"}],"author":[{"embeddable":true,"href":"https:\/\/noticiasregionais.com.br\/index.php?rest_route=\/wp\/v2\/users\/1"}],"replies":[{"embeddable":true,"href":"https:\/\/noticiasregionais.com.br\/index.php?rest_route=%2Fwp%2Fv2%2Fcomments&post=1867"}],"version-history":[{"count":1,"href":"https:\/\/noticiasregionais.com.br\/index.php?rest_route=\/wp\/v2\/posts\/1867\/revisions"}],"predecessor-version":[{"id":1869,"href":"https:\/\/noticiasregionais.com.br\/index.php?rest_route=\/wp\/v2\/posts\/1867\/revisions\/1869"}],"wp:featuredmedia":[{"embeddable":true,"href":"https:\/\/noticiasregionais.com.br\/index.php?rest_route=\/wp\/v2\/media\/1868"}],"wp:attachment":[{"href":"https:\/\/noticiasregionais.com.br\/index.php?rest_route=%2Fwp%2Fv2%2Fmedia&parent=1867"}],"wp:term":[{"taxonomy":"category","embeddable":true,"href":"https:\/\/noticiasregionais.com.br\/index.php?rest_route=%2Fwp%2Fv2%2Fcategories&post=1867"},{"taxonomy":"post_tag","embeddable":true,"href":"https:\/\/noticiasregionais.com.br\/index.php?rest_route=%2Fwp%2Fv2%2Ftags&post=1867"}],"curies":[{"name":"wp","href":"https:\/\/api.w.org\/{rel}","templated":true}]}}