{"id":187,"date":"2023-09-04T07:52:36","date_gmt":"2023-09-04T10:52:36","guid":{"rendered":"https:\/\/noticiasregionais.com.br\/?p=187"},"modified":"2023-09-04T07:52:36","modified_gmt":"2023-09-04T10:52:36","slug":"forca-tatica-prende-individuo-traficando-na-vila-musa","status":"publish","type":"post","link":"https:\/\/noticiasregionais.com.br\/?p=187","title":{"rendered":"For\u00e7a T\u00e1tica prende indiv\u00edduo traficando na Vila Musa"},"content":{"rendered":"\n<p>Uma equipe de For\u00e7a T\u00e1tica do 31\u00ba Batalh\u00e3o de Pol\u00edcia Militar do Interior prendeu, na noite desta quarta-feira (03), um indiv\u00edduo que traficava entorpecente na Vila Musa, em Ourinhos.<\/p>\n\n\n\n<p>A equipe realizava patrulhamento t\u00e1tico na regi\u00e3o quando um indiv\u00edduo, ao visualizar a viatura, empreendeu fuga de motocicleta. Os policiais militares realizaram acompanhamento e abordaram o suspeito.<\/p>\n\n\n\n<p>Ap\u00f3s busca pessoal, foi localizada uma rocha bruta da droga an\u00e1loga ao crack. O indiv\u00edduo foi preso e apresentado na Central de Pol\u00edcia Judici\u00e1ria de Ourinhos, onde permaneceu preso.<\/p>\n\n\n\n<p>A ocorr\u00eancia foi registrada como tr\u00e1fico de drogas.<br><br>fonte: Setor de Cominica\u00e7\u00e3o Social do 31\u00ba BPM-I<\/p>\n<input type=\"hidden\" id=\"baseurl\" value=\"https:\/\/noticiasregionais.com.br\"><input type=\"hidden\" id=\"audio_nonce\" value=\"533fbb67b1\">","protected":false},"excerpt":{"rendered":"<p>Uma equipe de For\u00e7a T\u00e1tica do 31\u00ba Batalh\u00e3o de Pol\u00edcia Militar do Interior prendeu, na noite desta quarta-feira (03), um&hellip;<\/p>\n","protected":false},"author":1,"featured_media":188,"comment_status":"closed","ping_status":"open","sticky":false,"template":"","format":"standard","meta":{"sfsi_plus_gutenberg_text_before_share":"","sfsi_plus_gutenberg_show_text_before_share":"","sfsi_plus_gutenberg_icon_type":"","sfsi_plus_gutenberg_icon_alignemt":"","sfsi_plus_gutenburg_max_per_row":"","footnotes":""},"categories":[12,1,5],"tags":[],"class_list":["post-187","post","type-post","status-publish","format-standard","has-post-thumbnail","hentry","category-capa","category-noticias","category-ourinhos"],"_links":{"self":[{"href":"https:\/\/noticiasregionais.com.br\/index.php?rest_route=\/wp\/v2\/posts\/187","targetHints":{"allow":["GET"]}}],"collection":[{"href":"https:\/\/noticiasregionais.com.br\/index.php?rest_route=\/wp\/v2\/posts"}],"about":[{"href":"https:\/\/noticiasregionais.com.br\/index.php?rest_route=\/wp\/v2\/types\/post"}],"author":[{"embeddable":true,"href":"https:\/\/noticiasregionais.com.br\/index.php?rest_route=\/wp\/v2\/users\/1"}],"replies":[{"embeddable":true,"href":"https:\/\/noticiasregionais.com.br\/index.php?rest_route=%2Fwp%2Fv2%2Fcomments&post=187"}],"version-history":[{"count":1,"href":"https:\/\/noticiasregionais.com.br\/index.php?rest_route=\/wp\/v2\/posts\/187\/revisions"}],"predecessor-version":[{"id":189,"href":"https:\/\/noticiasregionais.com.br\/index.php?rest_route=\/wp\/v2\/posts\/187\/revisions\/189"}],"wp:featuredmedia":[{"embeddable":true,"href":"https:\/\/noticiasregionais.com.br\/index.php?rest_route=\/wp\/v2\/media\/188"}],"wp:attachment":[{"href":"https:\/\/noticiasregionais.com.br\/index.php?rest_route=%2Fwp%2Fv2%2Fmedia&parent=187"}],"wp:term":[{"taxonomy":"category","embeddable":true,"href":"https:\/\/noticiasregionais.com.br\/index.php?rest_route=%2Fwp%2Fv2%2Fcategories&post=187"},{"taxonomy":"post_tag","embeddable":true,"href":"https:\/\/noticiasregionais.com.br\/index.php?rest_route=%2Fwp%2Fv2%2Ftags&post=187"}],"curies":[{"name":"wp","href":"https:\/\/api.w.org\/{rel}","templated":true}]}}